{"id":7092,"date":"2024-07-11T16:15:39","date_gmt":"2024-07-11T13:15:39","guid":{"rendered":"https:\/\/blogyokko.wfs.ro\/?p=7092"},"modified":"2024-07-11T16:15:39","modified_gmt":"2024-07-11T13:15:39","slug":"moda-nu-are-varsta-cum-sa-te-imbraci-cu-stil-si-dupa-60-de-ani","status":"publish","type":"post","link":"https:\/\/www.yokko.ro\/blog\/moda-nu-are-varsta-cum-sa-te-imbraci-cu-stil-si-dupa-60-de-ani\/","title":{"rendered":"Moda nu are v\u00e2rst\u0103: cum s\u0103 te \u00eembraci cu stil \u0219i dup\u0103 60 de ani?"},"content":{"rendered":"<p><img loading=\"lazy\" decoding=\"async\" class=\"aligncenter size-full wp-image-7093\" src=\"https:\/\/blogyokko.wfs.ro\/wp-content\/uploads\/2024\/07\/moda-pentru-femei-la-60-de-ani.jpg\" alt=\"\" width=\"1000\" height=\"667\" srcset=\"https:\/\/www.yokko.ro\/blog\/wp-content\/uploads\/2024\/07\/moda-pentru-femei-la-60-de-ani.jpg 1000w, https:\/\/www.yokko.ro\/blog\/wp-content\/uploads\/2024\/07\/moda-pentru-femei-la-60-de-ani-300x200.jpg 300w, https:\/\/www.yokko.ro\/blog\/wp-content\/uploads\/2024\/07\/moda-pentru-femei-la-60-de-ani-768x512.jpg 768w\" sizes=\"auto, (max-width: 1000px) 100vw, 1000px\" \/><\/p>\n<p><!-- x-tinymce\/html --><\/p>\n<p>Moda nu are v\u00e2rst\u0103, iar stilul personal este o expresie a identit\u0103\u021bii care transcende deceniile. Odat\u0103 ce ai \u00eemplinit 60 de ani, garderoba ta poate reflecta nu doar experien\u021ba \u0219i \u00een\u021belepciunea acumulat\u0103 de-a lungul anilor, ci \u0219i o abordare proasp\u0103t\u0103 \u0219i contemporan\u0103 a modei. Este un moment minunat pentru a redescoperi bucuria de a te \u00eembr\u0103ca cu stil, de a experimenta noi tendin\u021be \u0219i de a-\u021bi reafirma personalitatea prin alegeri vestimentare inspirate!<strong><strong><!--more--><\/strong><\/strong><\/p>\n<h2>Cum s\u0103 \u00ee\u021bi redefine\u0219ti stilul personal la 60 de ani?<\/h2>\n<p>Redefinirea stilului personal la v\u00e2rsta de 60 de ani poate fi privit\u0103 ca o oportunitate de a exprima personalitatea \u00eentr-un mod nou \u0219i autentic. Stilul nu este doar despre haine, ci \u0219i despre ceea ce exprim\u0103 acestea despre noi. Auto-cunoa\u0219terea \u0219i exprimarea personalit\u0103\u021bii prin intermediul vestimenta\u021biei contribuie la o mai bun\u0103 stim\u0103 de sine \u0219i la o percep\u021bie pozitiv\u0103 asupra propriei persoane. La 60 de ani, aceasta poate fi o ocazie de a reflecta hobby-urile, interesele \u0219i valorile proprii \u00een alegerile vestimentare.<\/p>\n<p>Alegerea culorilor care te avantajeaz\u0103 este un alt pas esen\u021bial \u00een redefinirea stilului personal. La v\u00e2rsta a treia, pielea \u00ee\u0219i poate schimba nuan\u021ba, de aceea este important s\u0103 \u00ee\u021bi actualizezi paleta de culori a hainelor \u0219i a accesoriilor din garderoba ta, dar \u0219i culoarea p\u0103rului, dac\u0103 te obi\u0219nuie\u0219ti s\u0103 te vopse\u0219ti.<\/p>\n<p>Confortul \u0219i calitatea materialelor sunt alte aspecte esen\u021biale. \u021aes\u0103turile calitative, care permit pielii s\u0103 respire \u0219i ofer\u0103 o senza\u021bie pl\u0103cut\u0103 la atingere, sunt esen\u021biale pentru confortul zilnic, cu at\u00e2t mai mult pe m\u0103sur\u0103 ce \u00eenaint\u0103m \u00een v\u00e2rst\u0103. Totodat\u0103, piesele vestimentare alese ar trebui s\u0103 aib\u0103 dimensiunea potrivit\u0103, nici prea str\u00e2mte, nici prea largi.<\/p>\n<h2>Tendin\u021be \u00een mod\u0103 pentru doamne<\/h2>\n<p>Moda pentru persoanele de peste 60 de ani a evoluat considerabil \u00een ultimii ani. Astfel, tendin\u021bele actuale \u00een moda pentru v\u00e2rsta a treia includ haine confortabile, dar cu un design modern, care s\u0103 \u00eembine elemente clasice cu detalii contemporane. De la <a href=\"https:\/\/www.yokko.ro\/bluze\/\">bluze cu imprimeuri florale sau abstracte<\/a>, la pantaloni cu talie \u00eenalt\u0103 \u0219i croieli lejere, moda pentru seniori este la fel de variat\u0103 \u0219i de actual\u0103 ca aceea pentru tineri.<\/p>\n<p>\u00cembr\u0103c\u0103mintea potrivit\u0103 pentru silueta persoanelor de peste 60 de ani este o alegere personal\u0103, dar exist\u0103 c\u00e2teva reguli de baz\u0103 care pot ajuta la crearea unor \u021binute elegante \u0219i confortabile. Hainele cu croieli simple, care nu str\u00e2ng \u00een anumite zone ale corpului, sunt cele mai potrivite pentru aceast\u0103 categorie de v\u00e2rst\u0103. De asemenea, este esen\u021bial ca \u021binutele s\u0103 reflecte personalitatea purt\u0103torului \u0219i s\u0103 fie \u00een armonie cu stilul s\u0103u de via\u021b\u0103.<\/p>\n<p>\u00cen ceea ce prive\u0219te culorile pe care ar trebui s\u0103 le por\u021bi dac\u0103 ai trecut de 60 de ani, acestea pot varia \u00een func\u021bie de tonul pielii, culoarea p\u0103rului \u0219i a ochilor. Culorile calde, precum nuan\u021bele de bej, maro sau portocaliu, arat\u0103 de obicei bine pe persoanele cu p\u0103rul blond sau ro\u0219cat \u0219i ochi alba\u0219tri sau verzi, \u00een timp ce persoanele cu p\u0103rul brunet sau negru \u0219i ochi c\u0103prui sau negri sunt complimentate de nuan\u021bele reci, precum albastru, gri sau verde \u00eenchis.<\/p>\n<p><img loading=\"lazy\" decoding=\"async\" class=\"aligncenter size-full wp-image-7094\" src=\"https:\/\/blogyokko.wfs.ro\/wp-content\/uploads\/2024\/07\/13560-bluza-lejera-cu-fata-din-matase-naturala-imprimata-cu-motive-florale-bnv-c4c-6b0a274dc4-gallery-00-780x900.jpg\" alt=\"\" width=\"780\" height=\"900\" srcset=\"https:\/\/www.yokko.ro\/blog\/wp-content\/uploads\/2024\/07\/13560-bluza-lejera-cu-fata-din-matase-naturala-imprimata-cu-motive-florale-bnv-c4c-6b0a274dc4-gallery-00-780x900.jpg 780w, https:\/\/www.yokko.ro\/blog\/wp-content\/uploads\/2024\/07\/13560-bluza-lejera-cu-fata-din-matase-naturala-imprimata-cu-motive-florale-bnv-c4c-6b0a274dc4-gallery-00-780x900-260x300.jpg 260w, https:\/\/www.yokko.ro\/blog\/wp-content\/uploads\/2024\/07\/13560-bluza-lejera-cu-fata-din-matase-naturala-imprimata-cu-motive-florale-bnv-c4c-6b0a274dc4-gallery-00-780x900-768x886.jpg 768w\" sizes=\"auto, (max-width: 780px) 100vw, 780px\" \/><\/p>\n<p><!-- x-tinymce\/html --><\/p>\n<h2>Accesoriile perfecte pentru un look cu stil la orice v\u00e2rst\u0103<\/h2>\n<p>Accesoriile sunt esen\u021biale pentru a completa orice \u021binut\u0103, iar e\u0219arfele sunt un accesoriu indispensabil pentru doamnele de peste 60 de ani. <a href=\"https:\/\/www.yokko.ro\/accesorii\/\">\u0218alurile din voal de m\u0103tase natural\u0103<\/a> de la YOKKO adaug\u0103 o not\u0103 de elegan\u021b\u0103 oric\u0103rei \u021binute, indiferent de ocazie, la fel \u0219i accesoriile din satin \u00een form\u0103 de floare.<\/p>\n<p>Exist\u0103 multe modalit\u0103\u021bi de a purta o e\u0219arf\u0103 sau accesoriile florale pentru g\u00e2t. Acestea pot fi legate \u00een jurul g\u00e2tului \u00een diferite moduri, pot fi purtate ca un accesoriu de p\u0103r sau pot fi ata\u0219ate la geant\u0103 pentru a ad\u0103uga un strop de culoare \u0219i elegan\u021b\u0103. Accesoriile florale de la YOKKO adaug\u0103 un aer feminin \u0219i sofisticat oric\u0103rei \u021binute. Ele pot fi asortate cu rochii, bluze sau sacouri, \u00een func\u021bie de ocazie \u0219i de preferin\u021bele personale.<\/p>\n<p><img loading=\"lazy\" decoding=\"async\" class=\"aligncenter size-full wp-image-7095\" src=\"https:\/\/blogyokko.wfs.ro\/wp-content\/uploads\/2024\/07\/13666-esarfa-din-voal-tip-organza-imprimat-digital-cu-motive-florale-ea72p5t-a6e6254cfb-gallery-00-780x900.jpg\" alt=\"\" width=\"780\" height=\"900\" srcset=\"https:\/\/www.yokko.ro\/blog\/wp-content\/uploads\/2024\/07\/13666-esarfa-din-voal-tip-organza-imprimat-digital-cu-motive-florale-ea72p5t-a6e6254cfb-gallery-00-780x900.jpg 780w, https:\/\/www.yokko.ro\/blog\/wp-content\/uploads\/2024\/07\/13666-esarfa-din-voal-tip-organza-imprimat-digital-cu-motive-florale-ea72p5t-a6e6254cfb-gallery-00-780x900-260x300.jpg 260w, https:\/\/www.yokko.ro\/blog\/wp-content\/uploads\/2024\/07\/13666-esarfa-din-voal-tip-organza-imprimat-digital-cu-motive-florale-ea72p5t-a6e6254cfb-gallery-00-780x900-768x886.jpg 768w\" sizes=\"auto, (max-width: 780px) 100vw, 780px\" \/><\/p>\n<p><!-- x-tinymce\/html --><\/p>\n<p>Satinul este un material luxos, perfect pentru accesorii. Str\u0103lucirea sa subtil\u0103 poate ilumina tenul, f\u0103c\u00e2ndu-l s\u0103 par\u0103 mai luminos \u0219i mai t\u00e2n\u0103r. De asemenea, satinul este un material u\u0219or \u0219i confortabil de purtat, ceea ce \u00eel face ideal pentru doamnele de peste 60 de ani. Voalul, la r\u00e2ndul s\u0103u, este o \u021bes\u0103tur\u0103 u\u0219oar\u0103, rafinat\u0103, iar o cap\u0103 din voal, de exemplu, va asigura nu doar un confort termic optim, dar va conferi \u021binutei o elegan\u021b\u0103 aparte \u0219i o frumuse\u021be clasic\u0103.<\/p>\n<p>Indiferent de v\u00e2rst\u0103, fiecare femeie are poten\u021bialul de a str\u0103luci prin stilul s\u0103u vestimentar. Este esen\u021bial s\u0103 ne redefinim stilul personal, s\u0103 fim la curent cu tendin\u021bele \u00een mod\u0103 \u0219i s\u0103 alegem \u021binutele \u0219i accesoriile adecvate. Moda nu are v\u00e2rst\u0103, a\u0219a c\u0103 te invit\u0103m s\u0103 te \u00eembraci cu \u00eencredere \u0219i stil chiar \u0219i dup\u0103 60 de ani!<\/p>\n","protected":false},"excerpt":{"rendered":"<p>Moda nu are v\u00e2rst\u0103, iar stilul personal este o expresie a identit\u0103\u021bii care transcende deceniile. Odat\u0103 ce ai \u00eemplinit 60 de ani, garderoba ta poate reflecta nu doar experien\u021ba \u0219i \u00een\u021belepciunea acumulat\u0103 de-a lungul anilor, ci \u0219i o abordare proasp\u0103t\u0103 \u0219i contemporan\u0103 a modei. Este un moment minunat pentru a redescoperi bucuria de a te \u00eembr\u0103ca cu stil, de a<\/p>\n","protected":false},"author":1,"featured_media":0,"comment_status":"open","ping_status":"open","sticky":false,"template":"","format":"standard","meta":{"footnotes":""},"categories":[356,9,6,20,5],"tags":[119,394,343,430],"class_list":["post-7092","post","type-post","status-publish","format-standard","hentry","category-noutati","category-rochii-de-seara","category-smart-fashion","category-stilul-yokko","category-street-elegance","tag-bluza-yokko","tag-eleganta","tag-fabricat-in-romania","tag-yokko-style"],"_links":{"self":[{"href":"https:\/\/www.yokko.ro\/blog\/wp-json\/wp\/v2\/posts\/7092","targetHints":{"allow":["GET"]}}],"collection":[{"href":"https:\/\/www.yokko.ro\/blog\/wp-json\/wp\/v2\/posts"}],"about":[{"href":"https:\/\/www.yokko.ro\/blog\/wp-json\/wp\/v2\/types\/post"}],"author":[{"embeddable":true,"href":"https:\/\/www.yokko.ro\/blog\/wp-json\/wp\/v2\/users\/1"}],"replies":[{"embeddable":true,"href":"https:\/\/www.yokko.ro\/blog\/wp-json\/wp\/v2\/comments?post=7092"}],"version-history":[{"count":1,"href":"https:\/\/www.yokko.ro\/blog\/wp-json\/wp\/v2\/posts\/7092\/revisions"}],"predecessor-version":[{"id":7096,"href":"https:\/\/www.yokko.ro\/blog\/wp-json\/wp\/v2\/posts\/7092\/revisions\/7096"}],"wp:attachment":[{"href":"https:\/\/www.yokko.ro\/blog\/wp-json\/wp\/v2\/media?parent=7092"}],"wp:term":[{"taxonomy":"category","embeddable":true,"href":"https:\/\/www.yokko.ro\/blog\/wp-json\/wp\/v2\/categories?post=7092"},{"taxonomy":"post_tag","embeddable":true,"href":"https:\/\/www.yokko.ro\/blog\/wp-json\/wp\/v2\/tags?post=7092"}],"curies":[{"name":"wp","href":"https:\/\/api.w.org\/{rel}","templated":true}]}}