{"id":6999,"date":"2024-07-02T16:34:43","date_gmt":"2024-07-02T13:34:43","guid":{"rendered":"https:\/\/blogyokko.wfs.ro\/?p=6999"},"modified":"2024-07-02T16:37:34","modified_gmt":"2024-07-02T13:37:34","slug":"culoarea-anului-2024-cum-sa-integrezi-nuanta-trendy-in-garderoba-ta","status":"publish","type":"post","link":"https:\/\/www.yokko.ro\/blog\/culoarea-anului-2024-cum-sa-integrezi-nuanta-trendy-in-garderoba-ta\/","title":{"rendered":"Culoarea anului 2024: cum s\u0103 integrezi nuan\u021ba trendy \u00een garderoba ta?"},"content":{"rendered":"<p><img loading=\"lazy\" decoding=\"async\" class=\"aligncenter size-full wp-image-7000\" src=\"https:\/\/blogyokko.wfs.ro\/wp-content\/uploads\/2024\/07\/culoarea-anului-2024.jpg\" alt=\"\" width=\"1000\" height=\"614\" srcset=\"https:\/\/www.yokko.ro\/blog\/wp-content\/uploads\/2024\/07\/culoarea-anului-2024.jpg 1000w, https:\/\/www.yokko.ro\/blog\/wp-content\/uploads\/2024\/07\/culoarea-anului-2024-300x184.jpg 300w, https:\/\/www.yokko.ro\/blog\/wp-content\/uploads\/2024\/07\/culoarea-anului-2024-768x472.jpg 768w\" sizes=\"auto, (max-width: 1000px) 100vw, 1000px\" \/><\/p>\n<p><!-- x-tinymce\/html --><\/p>\n<p>Descoper\u0103 cum s\u0103 aduci un strop de prospe\u021bime \u00een garderoba ta \u00een acest an, adopt\u00e2nd nuan\u021ba trendy a anului 2024! Culorile ne pot influen\u021ba starea de spirit, iar dinamismul \u0219i vitalitatea \u00ee\u0219i g\u0103sesc reprezentarea \u00een aceast\u0103 nuan\u021b\u0103 vibrant\u0103. De la piese de baz\u0103 la accesorii \u00eendr\u0103zne\u021be, exist\u0103 numeroase modalit\u0103\u021bi de a integra culoarea anului \u00een \u021binutele tale, pentru a te bucura de tendin\u021bele actuale ale modei.<\/p>\n<h2>Care este culoarea anului 2024 \u0219i ce semnific\u0103 aceasta?<\/h2>\n<p>Culoarea anului 2024 a fost anun\u021bat\u0103 de Institutul Pantone, autoritatea mondial\u0103 \u00een ceea ce prive\u0219te culoarea. Cunoscut\u0103 pentru previziunile sale de culoare influente \u00een industriile de design \u0219i mod\u0103, institutul alege anual o culoare care reflect\u0103 starea de spirit \u0219i tendin\u021bele culturale \u0219i sociale din lume.<strong><strong><!--more--><\/strong><\/strong><\/p>\n<p><strong>Peach Fuzz, culoarea anului 2024<\/strong> este o nuan\u021b\u0103 vibrant\u0103, \u00een ton cu tendin\u021bele actuale \u0219i cu starea de spirit global\u0103. Alegerea acestei culori nu este \u00eent\u00e2mpl\u0103toare, ci este rezultatul unui proces de analiz\u0103 complex, care ia \u00een considerare multiple aspecte ale vie\u021bii sociale, culturale \u0219i economice. Acest proces include analiza trendurilor \u00een art\u0103, <em>entertainment<\/em>, moda, designul produselor \u0219i chiar problemele sociale \u0219i politice globale.<\/p>\n<p>Semnifica\u021bia culorii anului 2024 este una de speran\u021b\u0103 \u0219i optimism. Aceasta reflect\u0103 dorin\u021ba oamenilor de a se sim\u021bi conecta\u021bi la natur\u0103 \u0219i de a se angaja \u00eentr-un mod de via\u021b\u0103 echilibrat \u0219i s\u0103n\u0103tos. Pantone descrie aceast\u0103 culoare ca fiind o re\u00eentoarcere la esen\u021bial, un simbol al stabilit\u0103\u021bii \u0219i al echilibrului \u00eentr-o lume \u00een continu\u0103 schimbare. \u00cen plus, aceast\u0103 culoare sugereaz\u0103 \u0219i o dorin\u021b\u0103 de inova\u021bie \u0219i de explorare a lumii digitale, un aspect extrem de actual \u00een contextul dezvolt\u0103rii tehnologice rapide din ultimii ani.<\/p>\n<h2>Nuan\u021be complementare culorii anului 2024<\/h2>\n<p>Pentru a integra cu succes culoarea anului 2024 \u00een garderoba ta e important s\u0103 Identificarea nuan\u021bele complementare acesteia, iar cercul cromatic poate fi un instrument util \u00een acest sens. Acesta este un sistem de organizare a culorilor, unde cele complementare sunt plasate direct una \u00een fa\u021ba celeilalte.<\/p>\n<p>Astfel, c\u00e2teva dintre nuan\u021bele care se vor asorta foarte bine cu Peach Fuzz sunt:<\/p>\n<ul>\n<li>turcoaz<\/li>\n<li>albastru azur<\/li>\n<li>albastru cobalt<\/li>\n<li>verde smarald<\/li>\n<\/ul>\n<p>Dac\u0103 \u00ee\u021bi place s\u0103 te joci cu imprimeurile poart\u0103 o pies\u0103 vestimentar\u0103 care combin\u0103 nuan\u021ba Peach Fuzz \u0219i turcoazul pentru un aspect \u00eendr\u0103zne\u021b \u0219i modern. De pe yokko.ro po\u021bi comanda acest sacou lung din bucle multicolor cu fir metalic, care poate fi purtat inclusiv la birou.<\/p>\n<p><img loading=\"lazy\" decoding=\"async\" class=\"aligncenter size-full wp-image-7001\" src=\"https:\/\/blogyokko.wfs.ro\/wp-content\/uploads\/2024\/07\/13286-sacou-lung-din-bucle-multicolor-cu-fir-metalic-sd4-dyz-8bbf881f76-gallery-02-1560x1800.jpg\" alt=\"\" width=\"1560\" height=\"1800\" srcset=\"https:\/\/www.yokko.ro\/blog\/wp-content\/uploads\/2024\/07\/13286-sacou-lung-din-bucle-multicolor-cu-fir-metalic-sd4-dyz-8bbf881f76-gallery-02-1560x1800.jpg 1560w, https:\/\/www.yokko.ro\/blog\/wp-content\/uploads\/2024\/07\/13286-sacou-lung-din-bucle-multicolor-cu-fir-metalic-sd4-dyz-8bbf881f76-gallery-02-1560x1800-260x300.jpg 260w, https:\/\/www.yokko.ro\/blog\/wp-content\/uploads\/2024\/07\/13286-sacou-lung-din-bucle-multicolor-cu-fir-metalic-sd4-dyz-8bbf881f76-gallery-02-1560x1800-768x886.jpg 768w, https:\/\/www.yokko.ro\/blog\/wp-content\/uploads\/2024\/07\/13286-sacou-lung-din-bucle-multicolor-cu-fir-metalic-sd4-dyz-8bbf881f76-gallery-02-1560x1800-887x1024.jpg 887w\" sizes=\"auto, (max-width: 1560px) 100vw, 1560px\" \/><\/p>\n<p><!-- x-tinymce\/html -->Pentru un mix interesant \u0219i vibrant, asorteaz\u0103 o\u00a0<a href=\"https:\/\/www.yokko.ro\/rochii\">rochie lung\u0103<\/a> \u00een nuan\u021ba Peach Fuzz \u0219i accesorizeaz-o cu un bolero albastru cobalt, pentru a-i ad\u0103uga o not\u0103 elegant\u0103 \u0219i sofisticat\u0103.<\/p>\n<p><img loading=\"lazy\" decoding=\"async\" class=\"aligncenter size-full wp-image-7002\" src=\"https:\/\/blogyokko.wfs.ro\/wp-content\/uploads\/2024\/07\/12872-rochie-lunga-din-voal-sidefat-cu-bust-din-paiete-raq-brp-20f6c7071d-gallery-00-1560x1800.jpg\" alt=\"\" width=\"1560\" height=\"1800\" srcset=\"https:\/\/www.yokko.ro\/blog\/wp-content\/uploads\/2024\/07\/12872-rochie-lunga-din-voal-sidefat-cu-bust-din-paiete-raq-brp-20f6c7071d-gallery-00-1560x1800.jpg 1560w, https:\/\/www.yokko.ro\/blog\/wp-content\/uploads\/2024\/07\/12872-rochie-lunga-din-voal-sidefat-cu-bust-din-paiete-raq-brp-20f6c7071d-gallery-00-1560x1800-260x300.jpg 260w, https:\/\/www.yokko.ro\/blog\/wp-content\/uploads\/2024\/07\/12872-rochie-lunga-din-voal-sidefat-cu-bust-din-paiete-raq-brp-20f6c7071d-gallery-00-1560x1800-768x886.jpg 768w, https:\/\/www.yokko.ro\/blog\/wp-content\/uploads\/2024\/07\/12872-rochie-lunga-din-voal-sidefat-cu-bust-din-paiete-raq-brp-20f6c7071d-gallery-00-1560x1800-887x1024.jpg 887w\" sizes=\"auto, (max-width: 1560px) 100vw, 1560px\" \/><\/p>\n<p><!-- x-tinymce\/html --><\/p>\n<p>\u00ce\u021bi dore\u0219ti s\u0103 ob\u021bii un outfit relaxat, casual? Alege o pereche de jeans azurii la care asorteaz\u0103 un tricou \u00een culoarea vedet\u0103 a acestui an.<\/p>\n<p>Pentru un look proasp\u0103t \u0219i elegant, po\u021bi combina o bluz\u0103 \u00een culoarea anului 2024 cu o fust\u0103 sau cu pantaloni verde smarald.<\/p>\n<h2>Cum s\u0103 alegi piesele vestimentare \u00een culoarea anului 2024?<\/h2>\n<p>\u00cencearc\u0103 s\u0103 g\u0103se\u0219ti piese vestimentare <em>basic<\/em> \u00een aceast\u0103 culoare care s\u0103 se potriveasc\u0103 stilului t\u0103u. De exemplu, dac\u0103 \u00ee\u021bi place stilul casual, po\u021bi alege un tricou sau <a href=\"https:\/\/www.yokko.ro\/produs\/pantaloni-pana-din-stofa-elastica-plj-idz\/\">pantaloni de dam\u0103<\/a> \u00een culoarea anului.<\/p>\n<p><img loading=\"lazy\" decoding=\"async\" class=\"aligncenter size-full wp-image-7003\" src=\"https:\/\/blogyokko.wfs.ro\/wp-content\/uploads\/2024\/07\/13294-pantaloni-pana-din-stofa-elastica-plj-idz-873169ce08-gallery-00-1560x1800.jpg\" alt=\"\" width=\"1560\" height=\"1800\" srcset=\"https:\/\/www.yokko.ro\/blog\/wp-content\/uploads\/2024\/07\/13294-pantaloni-pana-din-stofa-elastica-plj-idz-873169ce08-gallery-00-1560x1800.jpg 1560w, https:\/\/www.yokko.ro\/blog\/wp-content\/uploads\/2024\/07\/13294-pantaloni-pana-din-stofa-elastica-plj-idz-873169ce08-gallery-00-1560x1800-260x300.jpg 260w, https:\/\/www.yokko.ro\/blog\/wp-content\/uploads\/2024\/07\/13294-pantaloni-pana-din-stofa-elastica-plj-idz-873169ce08-gallery-00-1560x1800-768x886.jpg 768w, https:\/\/www.yokko.ro\/blog\/wp-content\/uploads\/2024\/07\/13294-pantaloni-pana-din-stofa-elastica-plj-idz-873169ce08-gallery-00-1560x1800-887x1024.jpg 887w\" sizes=\"auto, (max-width: 1560px) 100vw, 1560px\" \/><\/p>\n<p><!-- x-tinymce\/html --><\/p>\n<p>Dac\u0103 \u021bi se pare prea mult, po\u021bi alege s\u0103 adaugi culoarea anului \u00een accesorii. O e\u0219arf\u0103, o curea sau o pereche de cercei \u00een aceast\u0103 nuan\u021b\u0103 pot ad\u0103uga un strop de culoare oric\u0103rei \u021binute chiar \u0219i \u00een sezoanele urm\u0103toare.<\/p>\n<p>Nu uita s\u0103 experimentezi cu diferite texturi \u0219i materiale \u00een culoarea anului 2024. De exemplu, o rochie de m\u0103tase \u00een aceast\u0103 nuan\u021b\u0103 poate avea un aspect total diferit de un pulover gros \u00een aceea\u0219i culoare. Experimentul cu texturi \u0219i materiale diferite poate aduce un plus de originalitate \u0219i dinamism \u021binutei tale.<\/p>\n<h2>Accesorii \u00een culoarea anului 2024: cum s\u0103 le alegi \u0219i s\u0103 le por\u021bi?<\/h2>\n<p>Integrarea accesoriilor \u00een culoarea anului 2024, Peach Fuzz, \u00een stilul t\u0103u vestimentar poate aduce un plus de prospe\u021bime \u0219i elegan\u021b\u0103 \u00een apari\u021bia ta zilnic\u0103. Aceast\u0103 nuan\u021b\u0103 de piersiciu poate fi utilizat\u0103 pentru a aduce un accent subtil sau puternic \u021binutei, \u00een func\u021bie de preferin\u021bele tale.<\/p>\n<p>Pentru \u00eenceput, po\u021bi opta pentru accesorii de baz\u0103, cum ar fi e\u0219arfe, fulare sau \u0219epci \u00een nuan\u021ba Peach Fuzz. Acestea pot fi purtate \u00een jurul g\u00e2tului, pe cap sau legate de geant\u0103 pentru a ad\u0103uga o pat\u0103 discret\u0103 de culoare. De asemenea, po\u021bi alege bijuterii \u00een nuan\u021ba Peach Fuzz, precum cercei, coliere sau br\u0103\u021b\u0103ri, accesorii care pot fi purtate separat sau \u00een straturi pentru a crea un efect mai dramatic \u0219i stilat.<\/p>\n<p><img loading=\"lazy\" decoding=\"async\" class=\"aligncenter size-full wp-image-7004\" src=\"https:\/\/blogyokko.wfs.ro\/wp-content\/uploads\/2024\/07\/13665-sal-din-voal-de-matase-naturala-ebd2ysz-4a98c136e6-gallery-00-1560x1800.jpg\" alt=\"\" width=\"1560\" height=\"1800\" srcset=\"https:\/\/www.yokko.ro\/blog\/wp-content\/uploads\/2024\/07\/13665-sal-din-voal-de-matase-naturala-ebd2ysz-4a98c136e6-gallery-00-1560x1800.jpg 1560w, https:\/\/www.yokko.ro\/blog\/wp-content\/uploads\/2024\/07\/13665-sal-din-voal-de-matase-naturala-ebd2ysz-4a98c136e6-gallery-00-1560x1800-260x300.jpg 260w, https:\/\/www.yokko.ro\/blog\/wp-content\/uploads\/2024\/07\/13665-sal-din-voal-de-matase-naturala-ebd2ysz-4a98c136e6-gallery-00-1560x1800-768x886.jpg 768w, https:\/\/www.yokko.ro\/blog\/wp-content\/uploads\/2024\/07\/13665-sal-din-voal-de-matase-naturala-ebd2ysz-4a98c136e6-gallery-00-1560x1800-887x1024.jpg 887w\" sizes=\"auto, (max-width: 1560px) 100vw, 1560px\" \/><\/p>\n<p><!-- x-tinymce\/html --><\/p>\n<p>Pentru a ad\u0103uga un strop de culoare la garderoba ta de zi cu zi, po\u021bi opta pentru gen\u021bi sau po\u0219ete \u00een nuan\u021ba Peach Fuzz. Aceste accesorii pot fi purtate cu \u021binute casual sau de birou pentru a aduce un plus de elegan\u021b\u0103 \u0219i stil.<\/p>\n<p>Experimenteaz\u0103 \u0219i cu texturile \u0219i materialele atunci c\u00e2nd integrezi accesorii \u00een culoarea Peach Fuzz \u00een stilul t\u0103u vestimentar. De exemplu, po\u021bi opta pentru accesorii din catifea sau m\u0103tase \u00een culoarea anului pentru a ad\u0103uga un plus de lux \u0219i rafinament.<\/p>\n<p>Culoarea anului 2024 nu trebuie s\u0103 fie doar un trend pe care \u00eel admiri, ci poate deveni o component\u0103 esen\u021bial\u0103 a garderobei tale dac\u0103 \u021bii cont de sfaturile noastre.<\/p>\n<p>&nbsp;<\/p>\n","protected":false},"excerpt":{"rendered":"<p>Descoper\u0103 cum s\u0103 aduci un strop de prospe\u021bime \u00een garderoba ta \u00een acest an, adopt\u00e2nd nuan\u021ba trendy a anului 2024! Culorile ne pot influen\u021ba starea de spirit, iar dinamismul \u0219i vitalitatea \u00ee\u0219i g\u0103sesc reprezentarea \u00een aceast\u0103 nuan\u021b\u0103 vibrant\u0103. De la piese de baz\u0103 la accesorii \u00eendr\u0103zne\u021be, exist\u0103 numeroase modalit\u0103\u021bi de a integra culoarea anului \u00een \u021binutele tale, pentru a te<\/p>\n","protected":false},"author":1,"featured_media":0,"comment_status":"open","ping_status":"open","sticky":false,"template":"","format":"standard","meta":{"footnotes":""},"categories":[356,9,6,20],"tags":[420,419,410,43],"class_list":["post-6999","post","type-post","status-publish","format-standard","hentry","category-noutati","category-rochii-de-seara","category-smart-fashion","category-stilul-yokko","tag-culoarea-anului","tag-fabricati-in-romania","tag-tinute-elegante","tag-yokko-2"],"_links":{"self":[{"href":"https:\/\/www.yokko.ro\/blog\/wp-json\/wp\/v2\/posts\/6999","targetHints":{"allow":["GET"]}}],"collection":[{"href":"https:\/\/www.yokko.ro\/blog\/wp-json\/wp\/v2\/posts"}],"about":[{"href":"https:\/\/www.yokko.ro\/blog\/wp-json\/wp\/v2\/types\/post"}],"author":[{"embeddable":true,"href":"https:\/\/www.yokko.ro\/blog\/wp-json\/wp\/v2\/users\/1"}],"replies":[{"embeddable":true,"href":"https:\/\/www.yokko.ro\/blog\/wp-json\/wp\/v2\/comments?post=6999"}],"version-history":[{"count":4,"href":"https:\/\/www.yokko.ro\/blog\/wp-json\/wp\/v2\/posts\/6999\/revisions"}],"predecessor-version":[{"id":7006,"href":"https:\/\/www.yokko.ro\/blog\/wp-json\/wp\/v2\/posts\/6999\/revisions\/7006"}],"wp:attachment":[{"href":"https:\/\/www.yokko.ro\/blog\/wp-json\/wp\/v2\/media?parent=6999"}],"wp:term":[{"taxonomy":"category","embeddable":true,"href":"https:\/\/www.yokko.ro\/blog\/wp-json\/wp\/v2\/categories?post=6999"},{"taxonomy":"post_tag","embeddable":true,"href":"https:\/\/www.yokko.ro\/blog\/wp-json\/wp\/v2\/tags?post=6999"}],"curies":[{"name":"wp","href":"https:\/\/api.w.org\/{rel}","templated":true}]}}