{"id":5479,"date":"2020-10-15T15:08:28","date_gmt":"2020-10-15T12:08:28","guid":{"rendered":"https:\/\/blogyokko.wfs.ro\/?p=5479"},"modified":"2021-02-23T14:43:36","modified_gmt":"2021-02-23T12:43:36","slug":"alexandra-velniciuc-actrita","status":"publish","type":"post","link":"https:\/\/www.yokko.ro\/blog\/alexandra-velniciuc-actrita\/","title":{"rendered":"Alexandra Velniciuc, actri\u021b\u0103"},"content":{"rendered":"<p><em><strong>Marius Tudose: Alexandra, ce proiecte ai \u00een prezent?<\/strong><\/em><\/p>\n<p><em>Alexandra Velniciuc: Acum \u00een pandemie? Jucam! Juc\u0103m mult. Avem destul de pu\u021bine locuri, doar 168. Oamenii vin la Teatrul Elisabeta, dar e totul diferit acum. Pe mine m-a uimit disciplina oamenilor. Pentru c\u0103 vin cu o or\u0103 \u00eenainte \u0219i au r\u0103bdare: li i se ia temperatura, sunt dezinfecta\u021bi, sunt verifica\u021bi&#8230; Nu se \u00eenghesuie s\u0103 intre \u00een sal\u0103, pentru c\u0103 trebuie s\u0103 fie un circuit permanent. Nu ai voie s\u0103 popose\u0219ti, s\u0103 sta\u021bionezi \u00een cl\u0103dire. Trebuie s\u0103 intri direct. Sunt ni\u0219te noi reglement\u0103ri.<\/em><br \/>\n<strong><strong><!--more--><\/strong><\/strong><br \/>\n<em><strong>Gianina Corondan: \u00cen ce spectacole joci acum?<\/strong><\/em><\/p>\n<p><em>AV: S\u0103 \u021bi le enum\u0103r pe toate? Puricele \u00een ureche, Boeing Boeing, Dezbrac\u0103-te c\u0103 vreau s\u0103-\u021bi vorbesc, \u00cencurc\u0103tur\u0103 la nivel \u00eenalt, \u00cenc\u0103 nu, dar o sa fie!, Capcan\u0103 pentru un b\u0103rbat c\u0103s\u0103torit, Fantoma, dragostea mea, la Teatrul Elisabeta. Iar la Teatrul Ion Creang\u0103 joc \u00een spectacolele Cr\u0103iasa z\u0103pezilor \u0219i Goe \u00een \u021bara minunilor. Acesta din urm\u0103 este un spectacol pentru copii f\u0103cut pe baza textelor lui Caragiale, ceea ce a fost destul de greu. Dar a fost primit bine. Sigur, nu este un spectacol pentru copii mici. Trebuie s\u0103 fie copii care s\u0103 aib\u0103 totu\u0219i ni\u0219te no\u021biuni de limba rom\u00e2n\u0103 ca s\u0103 \u00een\u021beleag\u0103 despre ce este vorba. Dar este un spectacol frumos la teatrul Ion Creang\u0103, unde sunt angajat\u0103.<\/em><\/p>\n<p><em>La Teatrul Metropolis juc\u0103m \u00een spectacolul Pijamale, dar nu l-am mai jucat de foarte mult\u0103 vreme.<\/em><\/p>\n<p><a href=\"http:\/\/www.yokko.ro\/col\/RUV-P3S,RXD-P3S,ST4-MK6,FJA-MK6\/\" target=\"_blank\" rel=\"noopener noreferrer\"><img loading=\"lazy\" decoding=\"async\" class=\"aligncenter wp-image-5485 size-full\" src=\"https:\/\/blogyokko.wfs.ro\/wp-content\/uploads\/2020\/10\/1-2.jpg\" alt=\"\" width=\"1410\" height=\"1135\" srcset=\"https:\/\/www.yokko.ro\/blog\/wp-content\/uploads\/2020\/10\/1-2.jpg 1410w, https:\/\/www.yokko.ro\/blog\/wp-content\/uploads\/2020\/10\/1-2-300x241.jpg 300w, https:\/\/www.yokko.ro\/blog\/wp-content\/uploads\/2020\/10\/1-2-768x618.jpg 768w, https:\/\/www.yokko.ro\/blog\/wp-content\/uploads\/2020\/10\/1-2-1024x824.jpg 1024w\" sizes=\"auto, (max-width: 1410px) 100vw, 1410px\" \/><\/a><\/p>\n<p><a href=\"http:\/\/www.yokko.ro\/col\/RUV-P3S,RXD-P3S,ST4-MK6,FJA-MK6\/\" target=\"_blank\" rel=\"noopener noreferrer\"><img loading=\"lazy\" decoding=\"async\" class=\"aligncenter wp-image-5486 size-full\" src=\"https:\/\/blogyokko.wfs.ro\/wp-content\/uploads\/2020\/10\/2-2.jpg\" alt=\"\" width=\"1410\" height=\"1135\" srcset=\"https:\/\/www.yokko.ro\/blog\/wp-content\/uploads\/2020\/10\/2-2.jpg 1410w, https:\/\/www.yokko.ro\/blog\/wp-content\/uploads\/2020\/10\/2-2-300x241.jpg 300w, https:\/\/www.yokko.ro\/blog\/wp-content\/uploads\/2020\/10\/2-2-768x618.jpg 768w, https:\/\/www.yokko.ro\/blog\/wp-content\/uploads\/2020\/10\/2-2-1024x824.jpg 1024w\" sizes=\"auto, (max-width: 1410px) 100vw, 1410px\" \/><\/a><\/p>\n<p><em><strong>GC: Practic, e\u0219ti un om ocupat!<\/strong><\/em><\/p>\n<p><em>AV: Am fost un om ocupat. \u0218i \u00eemi doresc \u00een continuare sa fiu un om ocupat. A fost o perioad\u0103 stranie \u00een care am sim\u021bit c\u0103 nu mai am profesie. \u0218i a fost o lupt\u0103 cu mine. Mi-am zis c\u0103 poate ar trebui s\u0103 m\u0103 apuc de altceva, pentru c\u0103 mintea m-ar duce.<\/em><\/p>\n<p>&nbsp;<\/p>\n<p><em><strong>GC: La ce te-ai g\u00e2ndit?<\/strong><\/em><\/p>\n<p><em>AV: A\u0219 putea face multe&#8230; Mi-au trecut multe idei prin cap. Dar nu. Tot la actorie a\u0219 r\u0103m\u00e2ne. Simt c\u0103 asta este chemarea mea \u0219i mi-ar p\u0103rea r\u0103u s\u0103 fac alte lucruri pe care le pot face \u0219i al\u021bii.<\/em><\/p>\n<p>&nbsp;<\/p>\n<p><em><strong>GC: La ce e\u0219ti priceputa cu mainile?<\/strong><\/em><\/p>\n<p><em>AV: Nu! Cu m\u00e2inile eu nu sunt priceput\u0103! Sunt priceput\u0103 s\u0103 dau din gur\u0103 \u0219i s\u0103 fac\u0103 al\u021bii.<\/em><\/p>\n<p><a href=\"http:\/\/www.yokko.ro\/col\/RK2-JDE,RK2-JDX,S94-IOT,R2L-IOT,FXA-IOT,PLJ-IOT\/\" target=\"_blank\" rel=\"noopener noreferrer\"><img loading=\"lazy\" decoding=\"async\" class=\"aligncenter wp-image-5488 size-full\" src=\"https:\/\/blogyokko.wfs.ro\/wp-content\/uploads\/2020\/10\/3-2.jpg\" alt=\"\" width=\"1410\" height=\"1135\" srcset=\"https:\/\/www.yokko.ro\/blog\/wp-content\/uploads\/2020\/10\/3-2.jpg 1410w, https:\/\/www.yokko.ro\/blog\/wp-content\/uploads\/2020\/10\/3-2-300x241.jpg 300w, https:\/\/www.yokko.ro\/blog\/wp-content\/uploads\/2020\/10\/3-2-768x618.jpg 768w, https:\/\/www.yokko.ro\/blog\/wp-content\/uploads\/2020\/10\/3-2-1024x824.jpg 1024w\" sizes=\"auto, (max-width: 1410px) 100vw, 1410px\" \/><\/a><\/p>\n<p><em><strong>GC: Mai ai timp s\u0103 studiezi fenomenul fashion?<\/strong><\/em><\/p>\n<p><em>AV: S\u0103 \u0219tii c\u0103 nu l-am studiat niciodat\u0103 a\u0219a, cu con\u0219tiin\u021ba c\u0103 \u00eel studiez. Dar subiectul fashion \u00eemi place. Cred c\u0103 am mo\u0219tenit de la mama, ea este cu un pas \u00eenaintea modei f\u0103r\u0103 s\u0103 fie o zurlie. Are ea un \u201eje ne sais quoi\u201d. Sunt un om care apreciaz\u0103 bunul gust \u0219i sunt total \u00eempotriva felului \u00een care se \u00eembrac\u0103 femeile dezinvolte \u00een ziua de ast\u0103zi. Adic\u0103 una e s\u0103 te \u00eembraci cum te \u00eembraci tu (Gianina), \u0219i alta este s\u0103 te \u00eembraci \u00een ni\u0219te saci, sfid\u00e2nd feminitatea, sfid\u00e2nd no\u021biunea de estetic, s\u0103 \u00ee\u021bi pui ni\u0219te bocanci plini de noroi. Nu vorbesc \u00een necuno\u0219tin\u021b\u0103 de cauz\u0103. A\u0219a au venit anul acesta fetele la admitere la Facultatea de Teatru. Mi se pare jignitor la adresa sim\u021bului estetic al omului. \u0218i mi se pare necivilizat pentru tine, ca persoan\u0103 sa fii \u00eembr\u0103cat\u0103 \u00een sac, s\u0103 nu ai nicio linie, s\u0103 nu vrei s\u0103 spui nimic. <strong>Cred c\u0103 felul \u00een care ar\u0103\u021bi este cartea ta de vizit\u0103.<\/strong> Nu cred c\u0103 toate femeile trebuie s\u0103 fie aranjate \u0219i titirisite. Dar trebuie s\u0103 fie \u201c\u00eentr-un fel\u201d. Adic\u0103 trebuie s\u0103 \u00eemi atrag\u0103 aten\u021bia prin ceva \u0219i s\u0103 zic \u201eHmm, interesant!\u201d De exemplu, nu m-a\u0219 \u00eembr\u0103ca a\u0219a cum te-ai \u00eembr\u0103cat tu, Gianina. Dar \u00eemi face pl\u0103cere s\u0103 te v\u0103d pentru c\u0103 este o armonie estetic\u0103. \u0218i pentru c\u0103 este un punct de vedere.<\/em><\/p>\n<p><em><strong>Dar s\u0103 te \u00eembraci nicicum, ca s\u0103 vii de niciunde \u0219i s\u0103 te duci c\u0103tre nic\u0103ieri&#8230; nu sunt adepta acestui stil!<\/strong><\/em><\/p>\n<p>&nbsp;<\/p>\n<p><em><strong>MT: Cum define\u0219ti tu frumosul?<\/strong><\/em><\/p>\n<p><em>AV: Nu \u0219tiu s\u0103 \u00ee\u021bi zic! Dar \u0219tiu c\u0103 dac\u0103 v\u0103d \u00eemi place sau nu \u00eemi place. Nu \u0219tiu s\u0103 \u00ee\u021bi dau o defini\u021bie. \u0218i cred c\u0103 nu trebuie s\u0103 existe bariere. Nu cred c\u0103 trebuie s\u0103 existe limite \u00een definirea frumosului. Desigur, dac\u0103 discut\u0103m despre estetic\u0103, nu ne ajunge o via\u021b\u0103 s\u0103 finaliz\u0103m. Nu cred c\u0103 exist\u0103 o defini\u021bie, dar sigur sunt ni\u0219te jaloane. Prin care trebuie s\u0103 treci. Sunt ni\u0219te puncte de reper pe care trebuie s\u0103 le cuno\u0219ti ca s\u0103 po\u021bi vorbi despre fashion.<\/em><\/p>\n<p><a href=\"http:\/\/www.yokko.ro\/col\/RLX-PFX\/\" target=\"_blank\" rel=\"noopener noreferrer\"><img loading=\"lazy\" decoding=\"async\" class=\"aligncenter wp-image-5489 size-full\" src=\"https:\/\/blogyokko.wfs.ro\/wp-content\/uploads\/2020\/10\/4-2.jpg\" alt=\"\" width=\"1410\" height=\"1135\" srcset=\"https:\/\/www.yokko.ro\/blog\/wp-content\/uploads\/2020\/10\/4-2.jpg 1410w, https:\/\/www.yokko.ro\/blog\/wp-content\/uploads\/2020\/10\/4-2-300x241.jpg 300w, https:\/\/www.yokko.ro\/blog\/wp-content\/uploads\/2020\/10\/4-2-768x618.jpg 768w, https:\/\/www.yokko.ro\/blog\/wp-content\/uploads\/2020\/10\/4-2-1024x824.jpg 1024w\" sizes=\"auto, (max-width: 1410px) 100vw, 1410px\" \/><\/a><\/p>\n<p><em><strong>MT: Ce nu \u00ee\u021bi convine \u00een leg\u0103tura cu lumea asta \u00een care tr\u0103im? Ce sim\u021bi c\u0103 nu mai este cum a fost?<\/strong><\/em><\/p>\n<p><em>AV: Faptul c\u0103 oamenii au \u00eenceput s\u0103 nu mai aib\u0103 lume interioar\u0103. Faptul c\u0103 oamenii nu mai g\u00e2ndesc cu propriile mijloace. Faptul c\u0103 nu mai citesc \u0219i nu mai \u0219tiu s\u0103 \u00ee\u0219i creeze un univers personal care s\u0103 le dea bog\u0103\u021bie.<\/em><\/p>\n<p><em>Sub aceast\u0103 aparen\u021b\u0103 de libertate \u0219i de nonconformism, cu premiza c\u0103 \u201efac ce vreau\u201d \u0219i \u201em\u0103 doare la basc\u0103 despre ce g\u00e2nde\u0219te cel\u0103lalt\u201d, de fapt, oamenii \u00ee\u0219i ascund neputin\u021bele. Cu c\u00e2t vrei s\u0103 fii mai liber \u00een g\u00e2ndire, cu at\u00e2t e\u0219ti mai gol ca o doag\u0103.<\/em><\/p>\n<p><em>Nu zic c\u0103 trebuie s\u0103 cite\u0219ti o list\u0103 fix\u0103 de autori. Spre exemplu, pe mine m-au chinuit cu Jules Verne \u0219i cu Thomas Mann. Nu am putut s\u0103 \u00eei lecturez. Nu au fost pentru mine.<\/em><\/p>\n<p><em>Nu e vorba neap\u0103rat despre a avea cultura, ci mai degrab\u0103 trebuie s\u0103 ai un univers interior pe care s\u0103 \u0219tii s\u0103 \u021bi-l dezvol\u021bi \u00een ce direc\u021bie vrei tu. Dac\u0103 vrei s\u0103 te duci pe zona de IT, po\u021bi s\u0103 o faci, dar s\u0103 dezvolte ceva \u00een tine, s\u0103 ai o bog\u0103\u021bie interioar\u0103, s\u0103 nu ai ochiul gol. S\u0103 nu prive\u0219ti ca vita ceea ce \u021bi se \u00eent\u00e2mpl\u0103. \u00cen ultima vreme am v\u0103zut at\u00e2tea persoane serbede, uscate, terne. Degeaba \u00ee\u021bi pui unghii, \u00ee\u021bi pui gene \u0219i \u00ee\u021bi faci toate culorile de p\u0103r \u00een cap, dac\u0103 tu pe din\u0103untru nu reprezin\u021bi nimic&#8230; Mi se pare ca este absolut inutil \u0219i \u00ee\u021bi pierzi timpul. \u00cen ultima vreme \u00eent\u00e2lnesc din ce \u00een ce mai multe figuri care nu \u00eemi spun nimic.<\/em><\/p>\n<p><a href=\"http:\/\/www.yokko.ro\/col\/RLX-PFX\/\" target=\"_blank\" rel=\"noopener noreferrer\"><img loading=\"lazy\" decoding=\"async\" class=\"aligncenter wp-image-5490 size-full\" src=\"https:\/\/blogyokko.wfs.ro\/wp-content\/uploads\/2020\/10\/5-2.jpg\" alt=\"\" width=\"1410\" height=\"1135\" srcset=\"https:\/\/www.yokko.ro\/blog\/wp-content\/uploads\/2020\/10\/5-2.jpg 1410w, https:\/\/www.yokko.ro\/blog\/wp-content\/uploads\/2020\/10\/5-2-300x241.jpg 300w, https:\/\/www.yokko.ro\/blog\/wp-content\/uploads\/2020\/10\/5-2-768x618.jpg 768w, https:\/\/www.yokko.ro\/blog\/wp-content\/uploads\/2020\/10\/5-2-1024x824.jpg 1024w\" sizes=\"auto, (max-width: 1410px) 100vw, 1410px\" \/><\/a><\/p>\n<p><strong><em>GC: Oare universul interior se manifest\u0103 prin universul nostru exterior? Poate pentru c\u0103 nu mai ie\u0219im \u00een perioada asta \u00een natur\u0103&#8230;<\/em><\/strong><\/p>\n<p><em>AV: E\u0219ti dr\u0103gu\u021b\u0103! Nu cred c\u0103 este doar a\u0219a! Te invit s\u0103 cite\u0219ti din Caragiale! Tot ce spune el acolo, se reg\u0103se\u0219ti \u00een ceea ce tr\u0103im noi. Sunt convins\u0103 c\u0103 aceste probleme au fost dintotdeauna, de la o etap\u0103 la alta a evolu\u021biei omului. Cred c\u0103 o anumit\u0103 categorie social\u0103 a avut acelea\u0219i probleme. Important este cum le gestion\u0103m \u0219i ce \u00een\u021belegem din ele si c\u0103tre ce ne \u00eendreptam.<\/em><\/p>\n<p><a href=\"http:\/\/www.yokko.ro\/col\/RI4-8VN\/\" target=\"_blank\" rel=\"noopener noreferrer\"><img loading=\"lazy\" decoding=\"async\" class=\"aligncenter wp-image-5491 size-full\" src=\"https:\/\/blogyokko.wfs.ro\/wp-content\/uploads\/2020\/10\/6-2.jpg\" alt=\"\" width=\"1410\" height=\"1135\" srcset=\"https:\/\/www.yokko.ro\/blog\/wp-content\/uploads\/2020\/10\/6-2.jpg 1410w, https:\/\/www.yokko.ro\/blog\/wp-content\/uploads\/2020\/10\/6-2-300x241.jpg 300w, https:\/\/www.yokko.ro\/blog\/wp-content\/uploads\/2020\/10\/6-2-768x618.jpg 768w, https:\/\/www.yokko.ro\/blog\/wp-content\/uploads\/2020\/10\/6-2-1024x824.jpg 1024w\" sizes=\"auto, (max-width: 1410px) 100vw, 1410px\" \/><\/a><\/p>\n<p><strong><em>GC: M\u0103 g\u00e2ndesc c\u0103 era important s\u0103 ie\u0219im \u00een natur\u0103, s\u0103 vedem bunicii.<\/em><\/strong><\/p>\n<p><em>A: Mul\u021bi dintre noi am avut bunici. To\u021bi am avut p\u0103rin\u021bi. Cine ne-a \u00eempiedicat s\u0103 ne hr\u0103nim din rela\u021bia cu ei? Se spune c\u0103 este o ruptur\u0103 \u00eentre genera\u021bii. Eu cred c\u0103 este o ruptur\u0103 \u00een sufletul nostru \u0219i o punem pe seama diferen\u021belor de v\u00e2rst\u0103. Ah, pot fi sincope \u00een comunicarea dintre genera\u021bii. Dar ele nu sunt rupturi. Sunt ni\u0219te g\u0103uri pe care trebuie s\u0103 \u0219tim cum s\u0103 umplem cu ceva. S\u0103 \u0219tim s\u0103 facem jum\u0103tate de drum \u0219i noi \u0219i ceilal\u021bi, ca s\u0103 putem s\u0103 ne \u00eent\u00e2lnim undeva.<\/em><\/p>\n<p>&nbsp;<\/p>\n<p><strong><em>MT: \u0218i cum putem s\u0103 salv\u0103m lumea?<\/em><\/strong><\/p>\n<p><em>AV: Nu \u0219tiu s\u0103 \u021bi spun&#8230; c\u0103 nu m\u0103 erijez \u00een salvatorul lumii. Dar \u00eencerc s\u0103 \u00eemi tr\u0103iesc via\u021ba a\u0219a cum simt c\u0103 trebuie. Din p\u0103cate, felul \u00een care simt eu c\u0103 trebuie nu coincide cu al multora din jurul meu, chiar \u0219i cei din profesia mea. Mi se pare foarte trist&#8230; Cred c\u0103 fluxul de comunicare \u00eentre oameni este esen\u021bial. Cred c\u0103 trebuie s\u0103 ne \u0219i \u00eent\u00e2lnim s\u0103 dans\u0103m \u00eempreun\u0103, trebuie s\u0103 ne \u0219i ciocnim frontal. Cred c\u0103 un conflict poate genera lucruri foarte bine. Dar trebuie s\u0103 se \u00eent\u00e2mple ceva, s\u0103 existe un ferment, s\u0103 fii nelini\u0219tit. Trebuie s\u0103 fie apa acidulat\u0103. C\u0103 dac\u0103 apa e plat\u0103 \u0219i b\u0103ltit\u0103, n-are ce s\u0103 ias\u0103.<\/em><\/p>\n<p>&nbsp;<\/p>\n<p><strong><em>GC: Rom\u00e2nii au c\u0103utat \u00een afar\u0103 unde au g\u0103sit branduri. S-au \u00eentors mul\u021bi cu plusuri, dar r\u0103m\u00e2nem \u00eenc\u00e2nta\u021bi de ce este str\u0103in. Nu prea ne uit\u0103m la ce se fabric\u0103 local, m\u0103 refer concret la designerii no\u0219tri, la produsele locale.<\/em><\/strong><\/p>\n<p><em>AV: Sunt o mare iubitoare a produselor locale pe care le sus\u021bin. Spre exemplu, foarte rar fac cump\u0103r\u0103turile din supermarket. \u00cen fiecare s\u00e2mb\u0103t\u0103 m\u0103 duc la pia\u021b\u0103. Am b\u0103bu\u021bele mele de la care cump\u0103r de la una iau ro\u0219ii, alta \u00eemi aduce iaurt f\u0103cut de ea. Am b\u0103bu\u021ba mea care \u00eemi aduce br\u00e2nz\u0103 de ani de zile, iar vecina ei de tarab\u0103, care \u00eei este rival\u0103, \u0219i ca s\u0103 le \u00eempac, de la ea iau iaurt. De la cealalt\u0103 iau ou\u0103, iar de la fiul doamnei iau carne. Este un lan\u021b al produc\u0103torilor. (Pia\u021ba Matache)<\/em><\/p>\n<p><a href=\"http:\/\/www.yokko.ro\/col\/RI4-8VN\/\" target=\"_blank\" rel=\"noopener noreferrer\"><img loading=\"lazy\" decoding=\"async\" class=\"aligncenter wp-image-5492 size-full\" src=\"https:\/\/blogyokko.wfs.ro\/wp-content\/uploads\/2020\/10\/7-2.jpg\" alt=\"\" width=\"1410\" height=\"1135\" srcset=\"https:\/\/www.yokko.ro\/blog\/wp-content\/uploads\/2020\/10\/7-2.jpg 1410w, https:\/\/www.yokko.ro\/blog\/wp-content\/uploads\/2020\/10\/7-2-300x241.jpg 300w, https:\/\/www.yokko.ro\/blog\/wp-content\/uploads\/2020\/10\/7-2-768x618.jpg 768w, https:\/\/www.yokko.ro\/blog\/wp-content\/uploads\/2020\/10\/7-2-1024x824.jpg 1024w\" sizes=\"auto, (max-width: 1410px) 100vw, 1410px\" \/><\/a><\/p>\n<p><strong><em>GC: Dar haine rom\u00e2ne\u0219ti?<\/em><\/strong><\/p>\n<p><em>AV: Am \u0219i \u00eemi place s\u0103 port haine produse \u00een Rom\u00e2nia. Sunt o femeie atipic\u0103, nu \u00eemi place s\u0103 merg la shopping. \u00cens\u0103, pentru c\u0103 m-a iubit Dumnezeu, \u0219i mi-a dat ni\u0219te dimensiuni posibile, de obicei c\u00e2nd \u00eemi place ceva \u00eentr-o vitrin\u0103 dau telefon: \u201eBun\u0103 ziua! S ave\u021bi? Da? Pune\u021bi de-o parte!\u201d \u0218i fac un raid al magazinelor, intru de la un cap\u0103t la altul al str\u0103zii, spre exemplu, \u0219i iau ce mi-a pl\u0103cut \u00een vitrin\u0103.<\/em><\/p>\n<p><em>\u00cen perioada asta de pandemie, m-am sim\u021bit foarte bine la mine acas\u0103. Nu am sim\u021bit-o ca pe o perioad\u0103 de claustrare. Dimpotriv\u0103, i-am mul\u021bumit lui Dumnezeu c\u0103 am avut r\u0103gazul s\u0103 stau de vorb\u0103 cu mine. \u0218i s\u0103 v\u0103d ce e bine \u0219i ce nu. Pe cuv\u00e2nt, mi-a fost foarte bine. St\u0103team \u0219i m\u0103 uitam prin cas\u0103 c\u0103 de fapt avem nevoie de doar 20% din tot ce de\u021binem. Pe bune! Nu avem nevoie de mai mult. \u0218i nu m\u0103 refer la sacii de haine \u0219i de pantofi pe care \u00eei am. Ci la tot ce am \u00een cas\u0103. Nu am nevoie de mai mult. Tr\u0103im aberant! S\u0103 agonisim, s\u0103 avem! Ok! \u0218i dup\u0103 ce avem, ce facem?!? Ne ducem la psiholog.<\/em><\/p>\n<p><em>De asta e frumoas\u0103 lumea! Cred ca este bine s\u0103 fim oameni pestri\u021bi, oameni diferi\u021bi. Numai c\u0103 fiecare trebuie s\u0103 \u00ee\u0219i g\u0103seasc\u0103 drumul lui \u0219i s\u0103 aleag\u0103 ce simte el c\u0103 este important pentru el. Adic\u0103 unde simte c\u0103 este vibra\u021bia lui. A\u0219a cum este \u0219i \u00een fashion. Repet: nu m-a\u0219 \u00eembr\u0103ca \u00een via\u021ba mea, nici dac\u0103 a\u0219 lua-o razna, nu m-a\u0219 \u00eembr\u0103ca ca tine vreodat\u0103.<\/em><\/p>\n<p>&nbsp;<\/p>\n<p><strong><em>GC: Ast\u0103zi sunt decent\u0103!<\/em><\/strong><\/p>\n<p><em>AV: Mul\u021bumesc! \u0218tiai c\u0103 te \u00eent\u00e2lne\u0219ti cu mine? Dar apreiez \u0219i \u00eemi place s\u0103 v\u0103d la cineva a\u0219a. Nu trebuie s\u0103 fiu eu ca tine.<\/em><\/p>\n<p>&nbsp;<\/p>\n<p><strong><em>GC: Altfel, am fi toti \u00een uniform\u0103.<\/em><\/strong><\/p>\n<p><em>AV: Corect! De\u0219i cred c\u0103 la \u0219coal\u0103 ar trebui s\u0103 existe uniform\u0103. Pentru c\u0103 trebuie s\u0103 existe un numitor comun. \u00cen plus este \u0219i o chestie de apartenen\u021b\u0103. To\u021bi \u00eembr\u0103ca\u021bi la fel \u00eentr-un liceu , fa\u021b\u0103 de ceilal\u021bi \u00eembr\u0103ca\u021bi altfel de la alt liceu, trebuie s\u0103 \u00ee\u021bi dea un sentiment: \u201euite! Eu sunt a lor!\u201d<\/em><\/p>\n<p><em>O chestie de m\u00e2ndrie!<\/em><\/p>\n<p><a href=\"http:\/\/www.yokko.ro\/col\/SF4-AXX,FJA-AXX,PH6-Y7E,FJA-Y7Evvv,ST4-Y7E\/\" target=\"_blank\" rel=\"noopener noreferrer\"><img loading=\"lazy\" decoding=\"async\" class=\"aligncenter wp-image-5493 size-full\" src=\"https:\/\/blogyokko.wfs.ro\/wp-content\/uploads\/2020\/10\/8-1.jpg\" alt=\"\" width=\"1410\" height=\"1135\" srcset=\"https:\/\/www.yokko.ro\/blog\/wp-content\/uploads\/2020\/10\/8-1.jpg 1410w, https:\/\/www.yokko.ro\/blog\/wp-content\/uploads\/2020\/10\/8-1-300x241.jpg 300w, https:\/\/www.yokko.ro\/blog\/wp-content\/uploads\/2020\/10\/8-1-768x618.jpg 768w, https:\/\/www.yokko.ro\/blog\/wp-content\/uploads\/2020\/10\/8-1-1024x824.jpg 1024w\" sizes=\"auto, (max-width: 1410px) 100vw, 1410px\" \/><\/a><\/p>\n<p><strong><em>GC: Gustul se \u00eenva\u021b\u0103 sau se transmite?<\/em><\/strong><\/p>\n<p><em>AV: Cred c\u0103 gustul se \u0219i transmite involuntar. Am ni\u0219te experien\u021be speciale cu mama. Ar fi mult de povesti\u021bi. Nu pot spune c\u0103 am dob\u00e2ndit gustul de la mama, prin mimetism, pentru c\u0103 nu am stat \u00eempreun\u0103. Mama mea este plecat\u0103 din \u021bar\u0103 de c\u00e2nd aveam trei ani. Am vorbit mult la telefon. Ne-am v\u0103zut destul de rar pentru a m\u0103 forma \u00een spiritul ei. Dar, timpul a trecut, m-am maturizat \u0219i mi-am creat lumea mea. De vreo 10 ani ne \u00eent\u00e2lnim la Viena pe un \u201eNo man\u2019s land\u201d unde am avut marea surpriz\u0103 ca \u00eentr-un an, ea venind din Italia \u0219i eu din Rom\u00e2nia, i-am spus s\u0103 m\u0103 a\u0219tepte s\u0103 mergem \u00eempreun\u0103 spre centrul Vienei. Zis \u0219i f\u0103cut: ea a aterizat \u00eenaintea mea, s-a dus la o cafenea, am aterizat \u0219i eu \u0219i ne-am \u00eent\u00e2lnit. Era frigu\u021b, aveam haine groase pe noi. Ea era deja a\u0219ezat\u0103 cu haina pus\u0103 pe un scaun si nu mi-a venit s\u0103 cred. Eu venit\u0103 din Rom\u00e2nia \u0219i mama venit\u0103 din Italia eram \u00eembr\u0103cate cu aceea\u0219i c\u0103ma\u0219\u0103 de la aceea\u0219i firm\u0103, dimensiuni diferite. Eram \u00eembr\u0103cate identic! Deci, te \u00eentreb, gustul se transmite genetic sau prin mimetism?<\/em><\/p>\n<p>&nbsp;<\/p>\n<p><strong><em>MT: Deci ai putea s\u0103 te faci politician! S\u0103 r\u0103spunzi la o \u00eentrebare cu o \u00eentrebare este o treab\u0103 de\u0219teapt\u0103!<\/em><\/strong><\/p>\n<p>&nbsp;<\/p>\n<p><b><a href=\"https:\/\/www.facebook.com\/alexandra.velniciuc.71\" target=\"_blank\" rel=\"noopener noreferrer\">Alexandra Velniciuc<\/a>, actri\u021b\u0103<\/b><\/p>\n<p><strong>Foto\u00a0\u0219i interviu:\u00a0<a href=\"https:\/\/marius.tudose.com\/\" target=\"_blank\" rel=\"noopener noreferrer\">Marius Tudose<\/a>\u00a0\u0219i\u00a0<a href=\"https:\/\/gianinacorondan.ro\/\" target=\"_blank\" rel=\"noopener noreferrer\">Gianina Corondan<\/a><\/strong><\/p>\n<p><strong>Haine \u0219i accesorii:\u00a0<a href=\"https:\/\/www.yokko.ro\/noutati\/\" target=\"_blank\" rel=\"noopener noreferrer\">YOKKO<\/a>,\u00a0<a href=\"https:\/\/palariadadarlat.ro\/\" target=\"_blank\" rel=\"noopener noreferrer\">P\u0103l\u0103ria D\u0103d\u00e2rlat<\/a><\/strong><\/p>\n<p>&nbsp;<\/p>\n","protected":false},"excerpt":{"rendered":"<p>Marius Tudose: Alexandra, ce proiecte ai \u00een prezent? Alexandra Velniciuc: Acum \u00een pandemie? Jucam! Juc\u0103m mult. Avem destul de pu\u021bine locuri, doar 168. Oamenii vin la Teatrul Elisabeta, dar e totul diferit acum. Pe mine m-a uimit disciplina oamenilor. Pentru c\u0103 vin cu o or\u0103 \u00eenainte \u0219i au r\u0103bdare: li i se ia temperatura, sunt dezinfecta\u021bi, sunt verifica\u021bi&#8230; Nu se<\/p>\n","protected":false},"author":1,"featured_media":5484,"comment_status":"open","ping_status":"open","sticky":false,"template":"","format":"standard","meta":{"footnotes":""},"categories":[349,17,353,20,5],"tags":[343,350,352,43],"class_list":["post-5479","post","type-post","status-publish","format-standard","has-post-thumbnail","hentry","category-femei-active","category-in-trend","category-oameni-frumosi","category-stilul-yokko","category-street-elegance","tag-fabricat-in-romania","tag-femei-active","tag-oameni-frumosi","tag-yokko-2"],"_links":{"self":[{"href":"https:\/\/www.yokko.ro\/blog\/wp-json\/wp\/v2\/posts\/5479","targetHints":{"allow":["GET"]}}],"collection":[{"href":"https:\/\/www.yokko.ro\/blog\/wp-json\/wp\/v2\/posts"}],"about":[{"href":"https:\/\/www.yokko.ro\/blog\/wp-json\/wp\/v2\/types\/post"}],"author":[{"embeddable":true,"href":"https:\/\/www.yokko.ro\/blog\/wp-json\/wp\/v2\/users\/1"}],"replies":[{"embeddable":true,"href":"https:\/\/www.yokko.ro\/blog\/wp-json\/wp\/v2\/comments?post=5479"}],"version-history":[{"count":13,"href":"https:\/\/www.yokko.ro\/blog\/wp-json\/wp\/v2\/posts\/5479\/revisions"}],"predecessor-version":[{"id":5693,"href":"https:\/\/www.yokko.ro\/blog\/wp-json\/wp\/v2\/posts\/5479\/revisions\/5693"}],"wp:featuredmedia":[{"embeddable":true,"href":"https:\/\/www.yokko.ro\/blog\/wp-json\/wp\/v2\/media\/5484"}],"wp:attachment":[{"href":"https:\/\/www.yokko.ro\/blog\/wp-json\/wp\/v2\/media?parent=5479"}],"wp:term":[{"taxonomy":"category","embeddable":true,"href":"https:\/\/www.yokko.ro\/blog\/wp-json\/wp\/v2\/categories?post=5479"},{"taxonomy":"post_tag","embeddable":true,"href":"https:\/\/www.yokko.ro\/blog\/wp-json\/wp\/v2\/tags?post=5479"}],"curies":[{"name":"wp","href":"https:\/\/api.w.org\/{rel}","templated":true}]}}