{"id":4547,"date":"2019-03-22T15:29:28","date_gmt":"2019-03-22T13:29:28","guid":{"rendered":"https:\/\/blogyokko.wfs.ro\/?p=4547"},"modified":"2019-03-26T09:13:47","modified_gmt":"2019-03-26T07:13:47","slug":"cum-sa-te-imbraci-la-birou-primavara-aceasta-5-sacouri-pentru-tinute-office-de-succes","status":"publish","type":"post","link":"https:\/\/www.yokko.ro\/blog\/cum-sa-te-imbraci-la-birou-primavara-aceasta-5-sacouri-pentru-tinute-office-de-succes\/","title":{"rendered":"Cum s\u0103 te \u00eembraci la birou Prim\u0103vara aceasta &#8211; 5 sacouri pentru \u021binute office de succes"},"content":{"rendered":"<p style=\"font-weight: 400;\"><a href=\"https:\/\/www.yokko.ro\/sacouri\/\" target=\"_blank\" rel=\"noopener noreferrer\">Sacoul<\/a> este un articol vestimentar ce nu ar trebui s\u0103 lipseasc\u0103 din garderoba niciunei femei care \u00ee\u0219i dore\u0219te s\u0103 se fac\u0103 remarcat\u0103 la birou, dar care totusi s\u0103 impun\u0103 o doz\u0103 de respect. Pe l\u00e2ng\u0103 faptul c\u0103 poate fi purtat cu succes la o \u021binut\u0103 office pentru c\u0103 se asorteaz\u0103 de minune cu o c\u0103ma\u0219a clasic\u0103\u00a0\u0219i nu numai, este recomandat a fi purtat chiar \u0219i seara la petreceri.<\/p>\n<p><strong><strong><!--more--><\/strong><\/strong><\/p>\n<p style=\"font-weight: 400;\">Designerii <a href=\"https:\/\/www.yokko.ro\/noutati\/\" target=\"_blank\" rel=\"noopener noreferrer\">YOKKO<\/a> au preg\u0103tit \u00een acest sezon\u00a0o gam\u0103 variat\u0103 de sacouri, pentru toate v\u00e2rstele \u0219i tipurile de siluet\u0103.<\/p>\n<p style=\"font-weight: 400;\">Pentru o \u021binut\u0103 clasic\u0103 alege sacoul <a href=\"http:\/\/yokko.co\/pS34n\" target=\"_blank\" rel=\"noopener noreferrer\">KATIA<\/a>, din bucle cu bumbac \u00een nuan\u021be de bej, cu franjuri la termina\u021bie \u0219i aplica\u021bie de cristale la decolteu. Poate fi purtat cu o fust\u0103 conic\u0103 din acela\u0219i material dar \u0219i cu o pereche de pantaloni pan\u0103 cu dung\u0103 cusut\u0103 pe fa\u021b\u0103.<\/p>\n<div id=\"attachment_4551\" style=\"width: 1420px\" class=\"wp-caption aligncenter\"><a href=\"http:\/\/www.yokko.ro\/col\/PH6-F1I,R2L-CEJ,S34-KRJ,FJA-KRJ\/\" target=\"_blank\" rel=\"noopener noreferrer\"><img loading=\"lazy\" decoding=\"async\" aria-describedby=\"caption-attachment-4551\" class=\"wp-image-4551 size-full\" src=\"https:\/\/blogyokko.wfs.ro\/wp-content\/uploads\/2019\/03\/2-1.jpg\" alt=\"\" width=\"1410\" height=\"1135\" srcset=\"https:\/\/www.yokko.ro\/blog\/wp-content\/uploads\/2019\/03\/2-1.jpg 1410w, https:\/\/www.yokko.ro\/blog\/wp-content\/uploads\/2019\/03\/2-1-300x241.jpg 300w, https:\/\/www.yokko.ro\/blog\/wp-content\/uploads\/2019\/03\/2-1-768x618.jpg 768w, https:\/\/www.yokko.ro\/blog\/wp-content\/uploads\/2019\/03\/2-1-1024x824.jpg 1024w\" sizes=\"auto, (max-width: 1410px) 100vw, 1410px\" \/><\/a><p id=\"caption-attachment-4551\" class=\"wp-caption-text\"><a href=\"http:\/\/www.yokko.ro\/col\/PH6-F1I,R2L-CEJ,S34-KRJ,FJA-KRJ\/\" target=\"_blank\" rel=\"noopener noreferrer\">\u021ainute elegante cu sacou din bucle cu bumbac<\/a><\/p><\/div>\n<p>Un alt sacou recomandat, tot din bucle cu bumbac este <a href=\"http:\/\/yokko.co\/pS248\" target=\"_blank\" rel=\"noopener noreferrer\">SIENNA<\/a>. F\u0103r\u0103 guler, cu garnitur\u0103 pe cant \u0219i la termina\u021bie \u0219i cu aplica\u021bie de perle\u00a0pe fa\u021b\u0103, poate fi purtat \u0219i cu pantaloni dar \u0219i cu fust\u0103 conic\u0103 din acela\u0219i material.<\/p>\n<p><a href=\"http:\/\/www.yokko.ro\/col\/S24-BCW,FMB-BCW,PLJ-ION,PH6-M2N\/\" target=\"_blank\" rel=\"noopener noreferrer\"><img loading=\"lazy\" decoding=\"async\" class=\"wp-image-4556 size-full\" src=\"https:\/\/blogyokko.wfs.ro\/wp-content\/uploads\/2019\/03\/3-1.jpg\" alt=\"\" width=\"1410\" height=\"1135\" srcset=\"https:\/\/www.yokko.ro\/blog\/wp-content\/uploads\/2019\/03\/3-1.jpg 1410w, https:\/\/www.yokko.ro\/blog\/wp-content\/uploads\/2019\/03\/3-1-300x241.jpg 300w, https:\/\/www.yokko.ro\/blog\/wp-content\/uploads\/2019\/03\/3-1-768x618.jpg 768w, https:\/\/www.yokko.ro\/blog\/wp-content\/uploads\/2019\/03\/3-1-1024x824.jpg 1024w\" sizes=\"auto, (max-width: 1410px) 100vw, 1410px\" \/><\/a>\u00a0 \u00a0 \u00a0 \u00a0 \u00a0 \u00a0 \u00a0 \u00a0 \u00a0 \u00a0 \u00a0 \u00a0 \u00a0 \u00a0 \u00a0 \u00a0 \u00a0\u00a0\u021a<a href=\"http:\/\/www.yokko.ro\/col\/S24-BCW,FMB-BCW,PLJ-ION,PH6-M2N\/\" target=\"_blank\" rel=\"noopener noreferrer\">inut\u0103 elegant\u0103 cu sacou din bucle cu bumbac<\/a><\/p>\n<p>O noutate \u00een acest sezon este sacoul <a href=\"http:\/\/yokko.co\/pSq2B\" target=\"_blank\" rel=\"noopener noreferrer\">MINA<\/a>, cu dou\u0103 r\u00e2nduri de nasturi \u0219i aplica\u021bie de cristale pe guler. Disponibil \u00een dou\u0103 variante cromatice, negru \u0219i bleumarin, este ideal pentru \u021binutele office.<\/p>\n<div id=\"attachment_4559\" style=\"width: 1420px\" class=\"wp-caption aligncenter\"><a href=\"http:\/\/www.yokko.ro\/col\/SQ2-IOB,SQ2-ION,FXA-IOB,PH6-IOB,BI6-ADV,SQ2-ION,PH6-ION\/\" target=\"_blank\" rel=\"noopener noreferrer\"><img loading=\"lazy\" decoding=\"async\" aria-describedby=\"caption-attachment-4559\" class=\"wp-image-4559 size-full\" src=\"https:\/\/blogyokko.wfs.ro\/wp-content\/uploads\/2019\/03\/4-1.jpg\" alt=\"\" width=\"1410\" height=\"1135\" srcset=\"https:\/\/www.yokko.ro\/blog\/wp-content\/uploads\/2019\/03\/4-1.jpg 1410w, https:\/\/www.yokko.ro\/blog\/wp-content\/uploads\/2019\/03\/4-1-300x241.jpg 300w, https:\/\/www.yokko.ro\/blog\/wp-content\/uploads\/2019\/03\/4-1-768x618.jpg 768w, https:\/\/www.yokko.ro\/blog\/wp-content\/uploads\/2019\/03\/4-1-1024x824.jpg 1024w\" sizes=\"auto, (max-width: 1410px) 100vw, 1410px\" \/><\/a><p id=\"caption-attachment-4559\" class=\"wp-caption-text\"><a href=\"http:\/\/www.yokko.ro\/col\/SQ2-IOB,SQ2-ION,FXA-IOB,PH6-IOB,BI6-ADV,SQ2-ION,PH6-ION\/\" target=\"_blank\" rel=\"noopener noreferrer\">\u021ainute elegante cu sacou cu dou\u0103 r\u00e2nduri de nasturi<\/a><\/p><\/div>\n<p>Carourile au revenit \u00een tendin\u021be! Yokko v\u0103 propune sacoul <a href=\"http:\/\/yokko.co\/pSq2C\" target=\"_blank\" rel=\"noopener noreferrer\">BETH<\/a>, din stof\u0103\u00a0\u00een carouri, cu dou\u0103 r\u00e2nduri de nasturi \u0219i aplica\u021bie de cristale pe guler. Acest sacou este potrivit at\u00e2t unei \u021binute office dar poate fi combinat \u0219i \u00eentr-o \u021binut\u0103 casual, la o ie\u0219ire, seara \u00een ora\u0219.<\/p>\n<div id=\"attachment_4562\" style=\"width: 1420px\" class=\"wp-caption aligncenter\"><a href=\"http:\/\/www.yokko.ro\/col\/SQ2-SQJ,FFR-SQJ,PLJ-ION\/\" target=\"_blank\" rel=\"noopener noreferrer\"><img loading=\"lazy\" decoding=\"async\" aria-describedby=\"caption-attachment-4562\" class=\"wp-image-4562 size-full\" src=\"https:\/\/blogyokko.wfs.ro\/wp-content\/uploads\/2019\/03\/1-1.jpg\" alt=\"\" width=\"1410\" height=\"1135\" srcset=\"https:\/\/www.yokko.ro\/blog\/wp-content\/uploads\/2019\/03\/1-1.jpg 1410w, https:\/\/www.yokko.ro\/blog\/wp-content\/uploads\/2019\/03\/1-1-300x241.jpg 300w, https:\/\/www.yokko.ro\/blog\/wp-content\/uploads\/2019\/03\/1-1-768x618.jpg 768w, https:\/\/www.yokko.ro\/blog\/wp-content\/uploads\/2019\/03\/1-1-1024x824.jpg 1024w\" sizes=\"auto, (max-width: 1410px) 100vw, 1410px\" \/><\/a><p id=\"caption-attachment-4562\" class=\"wp-caption-text\"><a href=\"http:\/\/www.yokko.ro\/col\/SQ2-SQJ,FFR-SQJ,PLJ-ION\/\" target=\"_blank\" rel=\"noopener noreferrer\">Sacou din stof\u0103\u00a0\u00een carouri cu dou\u0103 r\u00e2nduri de nasturi<\/a><\/p><\/div>\n<p>Pentru o \u021binut\u0103 fresh, de Prim\u0103var\u0103, v\u0103 recomand\u0103m sacoul\u00a0<a href=\"http:\/\/yokko.co\/pSf6X\" target=\"_blank\" rel=\"noopener noreferrer\">CAPRICE<\/a>,\u00a0din brocart elastic cu motive geometrice. Poart\u0103-l \u00een combina\u021bie cu o rochie imprimat\u0103 cu flori \u0219i vei ob\u021bine un look chic \u0219i elegant.<\/p>\n<div id=\"attachment_4564\" style=\"width: 1420px\" class=\"wp-caption aligncenter\"><a href=\"http:\/\/www.yokko.ro\/col\/SF6-F7E,RYC-ATJ\/\" target=\"_blank\" rel=\"noopener noreferrer\"><img loading=\"lazy\" decoding=\"async\" aria-describedby=\"caption-attachment-4564\" class=\"wp-image-4564 size-full\" src=\"https:\/\/blogyokko.wfs.ro\/wp-content\/uploads\/2019\/03\/5-1.jpg\" alt=\"\" width=\"1410\" height=\"1135\" srcset=\"https:\/\/www.yokko.ro\/blog\/wp-content\/uploads\/2019\/03\/5-1.jpg 1410w, https:\/\/www.yokko.ro\/blog\/wp-content\/uploads\/2019\/03\/5-1-300x241.jpg 300w, https:\/\/www.yokko.ro\/blog\/wp-content\/uploads\/2019\/03\/5-1-768x618.jpg 768w, https:\/\/www.yokko.ro\/blog\/wp-content\/uploads\/2019\/03\/5-1-1024x824.jpg 1024w\" sizes=\"auto, (max-width: 1410px) 100vw, 1410px\" \/><\/a><p id=\"caption-attachment-4564\" class=\"wp-caption-text\"><a href=\"http:\/\/www.yokko.ro\/col\/SF6-F7E,RYC-ATJ\/\" target=\"_blank\" rel=\"noopener noreferrer\">Sacou din brocart elastic cu motive geometrice<\/a><\/p><\/div>\n<p>Tu ce sacou alegi? Dac\u0103\u00a0\u00eenc\u0103 nu te-am convins, te invit\u0103m \u00een magazinele Yokko \u0219i pe site <a href=\"https:\/\/www.yokko.ro\/\" target=\"_blank\" rel=\"noopener noreferrer\">www.yokko.ro<\/a>, unde cu siguran\u021b\u0103\u00a0vei g\u0103si sacoul ideal pentru tine.<\/p>\n","protected":false},"excerpt":{"rendered":"<p>Sacoul este un articol vestimentar ce nu ar trebui s\u0103 lipseasc\u0103 din garderoba niciunei femei care \u00ee\u0219i dore\u0219te s\u0103 se fac\u0103 remarcat\u0103 la birou, dar care totusi s\u0103 impun\u0103 o doz\u0103 de respect. Pe l\u00e2ng\u0103 faptul c\u0103 poate fi purtat cu succes la o \u021binut\u0103 office pentru c\u0103 se asorteaz\u0103 de minune cu o c\u0103ma\u0219a clasic\u0103\u00a0\u0219i nu numai, este recomandat<\/p>\n","protected":false},"author":1,"featured_media":4555,"comment_status":"open","ping_status":"open","sticky":false,"template":"","format":"standard","meta":{"footnotes":""},"categories":[17,7,6,20,5],"tags":[93,297,328,92],"class_list":["post-4547","post","type-post","status-publish","format-standard","has-post-thumbnail","hentry","category-in-trend","category-office-outfits","category-smart-fashion","category-stilul-yokko","category-street-elegance","tag-sacouri-albastre","tag-sacouri-bucle","tag-sacouri-in-carouri","tag-sacouri-office"],"_links":{"self":[{"href":"https:\/\/www.yokko.ro\/blog\/wp-json\/wp\/v2\/posts\/4547","targetHints":{"allow":["GET"]}}],"collection":[{"href":"https:\/\/www.yokko.ro\/blog\/wp-json\/wp\/v2\/posts"}],"about":[{"href":"https:\/\/www.yokko.ro\/blog\/wp-json\/wp\/v2\/types\/post"}],"author":[{"embeddable":true,"href":"https:\/\/www.yokko.ro\/blog\/wp-json\/wp\/v2\/users\/1"}],"replies":[{"embeddable":true,"href":"https:\/\/www.yokko.ro\/blog\/wp-json\/wp\/v2\/comments?post=4547"}],"version-history":[{"count":20,"href":"https:\/\/www.yokko.ro\/blog\/wp-json\/wp\/v2\/posts\/4547\/revisions"}],"predecessor-version":[{"id":4574,"href":"https:\/\/www.yokko.ro\/blog\/wp-json\/wp\/v2\/posts\/4547\/revisions\/4574"}],"wp:featuredmedia":[{"embeddable":true,"href":"https:\/\/www.yokko.ro\/blog\/wp-json\/wp\/v2\/media\/4555"}],"wp:attachment":[{"href":"https:\/\/www.yokko.ro\/blog\/wp-json\/wp\/v2\/media?parent=4547"}],"wp:term":[{"taxonomy":"category","embeddable":true,"href":"https:\/\/www.yokko.ro\/blog\/wp-json\/wp\/v2\/categories?post=4547"},{"taxonomy":"post_tag","embeddable":true,"href":"https:\/\/www.yokko.ro\/blog\/wp-json\/wp\/v2\/tags?post=4547"}],"curies":[{"name":"wp","href":"https:\/\/api.w.org\/{rel}","templated":true}]}}