{"id":4325,"date":"2018-09-18T15:48:47","date_gmt":"2018-09-18T12:48:47","guid":{"rendered":"https:\/\/blogyokko.wfs.ro\/?p=4325"},"modified":"2018-09-18T16:23:25","modified_gmt":"2018-09-18T13:23:25","slug":"6-sacouri-de-ocazie-pentru-petreceri-de-toamna","status":"publish","type":"post","link":"https:\/\/www.yokko.ro\/blog\/6-sacouri-de-ocazie-pentru-petreceri-de-toamna\/","title":{"rendered":"6 sacouri de ocazie pentru petreceri de Toamn\u0103"},"content":{"rendered":"<p>Pentru petrecerile din sezonul rece, nu este suficient s\u0103 avem pregatit\u0103 doar o rochie, trebuie s\u0103 avem preg\u0103tit \u0219i un sacou sau un bolero, pe care s\u0103-l accesoriz\u0103m la o rochie de ocazie.<strong><strong><!--more--><\/strong><\/strong><\/p>\n<p>De\u0219i ar putea p\u0103rea o pies\u0103 vestimentar\u0103\u00a0\u00eemb\u0103tr\u00e2nit\u0103 sau potrivit\u0103 doar pentru \u021binutele office, <a href=\"https:\/\/www.yokko.ro\/sacouri\/\" target=\"_blank\" rel=\"noopener noreferrer\">sacoul<\/a> are un rol bine stabilit \u00een garderob\u0103 indiferent de v\u00e2rst\u0103 sau de ocupa\u021bie. Fie c\u0103 alegem un sacou de inspira\u021bie masculin\u0103, fie un sacou military ori unul cambrat &#8211; putem s\u0103-l purt\u0103m \u00een orice moment al zilei sau chiar seara \u0219i s\u0103-l accesorizam \u00een diferite moduri.<\/p>\n<p>YOKKO\u00a0v\u0103 propune mai jos 5 sacouri elegante pentru evenimentele speciale din aceast\u0103 toamn\u0103.<\/p>\n<p><strong>ATENA<\/strong> &#8211; sacou din bumbac cu fir de efect \u0219i aplica\u021bie de cristale pe decolteu. Se pot face diferite combina\u021bii cu piese din acela\u0219i material, fuste sau rochii, mai ales c\u0103 se reg\u0103se\u0219te \u00een 3 variante cromatice, roz, violet \u0219i turcoaz.<\/p>\n<div id=\"attachment_4355\" style=\"width: 1420px\" class=\"wp-caption aligncenter\"><a href=\"http:\/\/www.yokko.ro\/col\/R1B-R0E,S1B-R0E,FMA-R0E,FMA-R0X,S1B-R0X,R1B-R0X,R1B-R0Z,S1B-R0Z,FMA-R0Z\/\" target=\"_blank\" rel=\"noopener noreferrer\"><img loading=\"lazy\" decoding=\"async\" aria-describedby=\"caption-attachment-4355\" class=\"wp-image-4355 size-full\" src=\"https:\/\/blogyokko.wfs.ro\/wp-content\/uploads\/2018\/09\/6.jpg\" alt=\"\" width=\"1410\" height=\"1135\" srcset=\"https:\/\/www.yokko.ro\/blog\/wp-content\/uploads\/2018\/09\/6.jpg 1410w, https:\/\/www.yokko.ro\/blog\/wp-content\/uploads\/2018\/09\/6-300x241.jpg 300w, https:\/\/www.yokko.ro\/blog\/wp-content\/uploads\/2018\/09\/6-768x618.jpg 768w, https:\/\/www.yokko.ro\/blog\/wp-content\/uploads\/2018\/09\/6-1024x824.jpg 1024w\" sizes=\"auto, (max-width: 1410px) 100vw, 1410px\" \/><\/a><p id=\"caption-attachment-4355\" class=\"wp-caption-text\"><a href=\"http:\/\/www.yokko.ro\/col\/R1B-R0E,S1B-R0E,FMA-R0E,FMA-R0X,S1B-R0X,R1B-R0X,R1B-R0Z,S1B-R0Z,FMA-R0Z\/\" target=\"_blank\" rel=\"noopener noreferrer\">\u021ainut\u0103 de ocazie cu sacou \u0219i fust\u0103 creion din bumbac cu fir de efect\u00a0<\/a><\/p><\/div>\n<p>&nbsp;<\/p>\n<p><strong>ADELLE<\/strong> &#8211; sacou din catifea elastic\u0103 neagr\u0103 cu garnitur\u0103 pre\u021bioas\u0103 pe fa\u021b\u0103. Catifeaua este o \u021bes\u0103tur\u0103 nobil\u0103\u00a0\u0219i elegant\u0103, \u0219i se potrive\u0219te de minune \u021binutelor de sear\u0103. Combin\u0103 acest sacou cu o rochie din voal sidefat \u0219i cordon \u00een talie.<\/p>\n<div id=\"attachment_4337\" style=\"width: 1420px\" class=\"wp-caption aligncenter\"><a href=\"http:\/\/www.yokko.ro\/col\/SZB-MAN,RKX-FZN,RKX-FZI,RKX-FZZ\/\" target=\"_blank\" rel=\"noopener noreferrer\"><img loading=\"lazy\" decoding=\"async\" aria-describedby=\"caption-attachment-4337\" class=\"wp-image-4337 size-full\" src=\"https:\/\/blogyokko.wfs.ro\/wp-content\/uploads\/2018\/09\/2.jpg\" alt=\"\" width=\"1410\" height=\"1135\" srcset=\"https:\/\/www.yokko.ro\/blog\/wp-content\/uploads\/2018\/09\/2.jpg 1410w, https:\/\/www.yokko.ro\/blog\/wp-content\/uploads\/2018\/09\/2-300x241.jpg 300w, https:\/\/www.yokko.ro\/blog\/wp-content\/uploads\/2018\/09\/2-768x618.jpg 768w, https:\/\/www.yokko.ro\/blog\/wp-content\/uploads\/2018\/09\/2-1024x824.jpg 1024w\" sizes=\"auto, (max-width: 1410px) 100vw, 1410px\" \/><\/a><p id=\"caption-attachment-4337\" class=\"wp-caption-text\"><a href=\"http:\/\/www.yokko.ro\/col\/SZB-MAN,RKX-FZN,RKX-FZI,RKX-FZZ\/\" target=\"_blank\" rel=\"noopener noreferrer\">\u021ainut\u0103 de ocazie cu sacou din catifea \u0219i rochie din voal sidefat<\/a><\/p><\/div>\n<p>&nbsp;<\/p>\n<p><strong>ANASTASIA<\/strong> &#8211; sacou din catifea brodat\u0103 cu guler gen tunic\u0103\u00a0\u0219i decolteu ad\u00e2nc. O alternativ\u0103 la clasica rochie de ocazie este o \u021binut\u0103 cu pantaloni drep\u021bi din stof\u0103 elastic\u0103 ro\u0219ie \u0219i acest sacou din catifea. Alege s\u0103 fii \u00eendr\u0103znea\u021b\u0103\u00a0\u0219i poart\u0103 pantaloni!<\/p>\n<div id=\"attachment_4340\" style=\"width: 1420px\" class=\"wp-caption aligncenter\"><a href=\"http:\/\/www.yokko.ro\/col\/PMJ-IOR,SC4-AU1\/\" target=\"_blank\" rel=\"noopener noreferrer\"><img loading=\"lazy\" decoding=\"async\" aria-describedby=\"caption-attachment-4340\" class=\"wp-image-4340 size-full\" src=\"https:\/\/blogyokko.wfs.ro\/wp-content\/uploads\/2018\/09\/3.jpg\" alt=\"\" width=\"1410\" height=\"1135\" srcset=\"https:\/\/www.yokko.ro\/blog\/wp-content\/uploads\/2018\/09\/3.jpg 1410w, https:\/\/www.yokko.ro\/blog\/wp-content\/uploads\/2018\/09\/3-300x241.jpg 300w, https:\/\/www.yokko.ro\/blog\/wp-content\/uploads\/2018\/09\/3-768x618.jpg 768w, https:\/\/www.yokko.ro\/blog\/wp-content\/uploads\/2018\/09\/3-1024x824.jpg 1024w\" sizes=\"auto, (max-width: 1410px) 100vw, 1410px\" \/><\/a><p id=\"caption-attachment-4340\" class=\"wp-caption-text\"><a href=\"http:\/\/www.yokko.ro\/col\/PMJ-IOR,SC4-AU1\/\" target=\"_blank\" rel=\"noopener noreferrer\">\u021ainut\u0103 de ocazie cu sacou din catifea brodat\u0103\u00a0\u0219i pantaloni drep\u021bi<\/a><\/p><\/div>\n<p>&nbsp;<\/p>\n<p><strong>PRINCE<\/strong> &#8211; sacou din catifea cu paiete, cu decolteu ad\u00e2nc \u0219i guler\u00a0ascu\u021bit. Aceast\u0103 pies\u0103 este ideal\u0103 pentru orice v\u00e2rst\u0103\u00a0\u0219i poate fi combinat at\u00e2t la fuste c\u00e2t \u0219i la o rochii.<\/p>\n<div id=\"attachment_4344\" style=\"width: 1420px\" class=\"wp-caption aligncenter\"><a href=\"http:\/\/www.yokko.ro\/col\/SF2-G0N,RGK-G0N,FMA-WZN\/\" target=\"_blank\" rel=\"noopener noreferrer\"><img loading=\"lazy\" decoding=\"async\" aria-describedby=\"caption-attachment-4344\" class=\"wp-image-4344 size-full\" src=\"https:\/\/blogyokko.wfs.ro\/wp-content\/uploads\/2018\/09\/5.jpg\" alt=\"\" width=\"1410\" height=\"1135\" srcset=\"https:\/\/www.yokko.ro\/blog\/wp-content\/uploads\/2018\/09\/5.jpg 1410w, https:\/\/www.yokko.ro\/blog\/wp-content\/uploads\/2018\/09\/5-300x241.jpg 300w, https:\/\/www.yokko.ro\/blog\/wp-content\/uploads\/2018\/09\/5-768x618.jpg 768w, https:\/\/www.yokko.ro\/blog\/wp-content\/uploads\/2018\/09\/5-1024x824.jpg 1024w\" sizes=\"auto, (max-width: 1410px) 100vw, 1410px\" \/><\/a><p id=\"caption-attachment-4344\" class=\"wp-caption-text\"><a href=\"http:\/\/www.yokko.ro\/col\/SF2-G0N,RGK-G0N,FMA-WZN\/\" target=\"_blank\" rel=\"noopener noreferrer\">\u021ainut\u0103 de ocazie cu sacou din catifea cu paiete \u0219i fust\u0103 din catifea elastic\u0103 neagr\u0103<\/a><\/p><\/div>\n<p>&nbsp;<\/p>\n<p><strong>ESME<\/strong> &#8211; sacou din stof\u0103 brocat\u0103 cu fir ar\u0103miu, cu m\u00e2neci 3\/4 \u0219i fund\u0103 deta\u0219abil\u0103.\u00a0Clasic \u0219i elegant, acest sacou poate fi accesorizat la o fust\u0103 evazat\u0103 din voal dublat\u0103 cu v\u00e2scoz\u0103.<\/p>\n<div id=\"attachment_4346\" style=\"width: 1420px\" class=\"wp-caption aligncenter\"><a href=\"http:\/\/www.yokko.ro\/col\/SZ4-NHB,FCF-F0B\/\" target=\"_blank\" rel=\"noopener noreferrer\"><img loading=\"lazy\" decoding=\"async\" aria-describedby=\"caption-attachment-4346\" class=\"wp-image-4346 size-full\" src=\"https:\/\/blogyokko.wfs.ro\/wp-content\/uploads\/2018\/09\/4.jpg\" alt=\"\" width=\"1410\" height=\"1135\" srcset=\"https:\/\/www.yokko.ro\/blog\/wp-content\/uploads\/2018\/09\/4.jpg 1410w, https:\/\/www.yokko.ro\/blog\/wp-content\/uploads\/2018\/09\/4-300x241.jpg 300w, https:\/\/www.yokko.ro\/blog\/wp-content\/uploads\/2018\/09\/4-768x618.jpg 768w, https:\/\/www.yokko.ro\/blog\/wp-content\/uploads\/2018\/09\/4-1024x824.jpg 1024w\" sizes=\"auto, (max-width: 1410px) 100vw, 1410px\" \/><\/a><p id=\"caption-attachment-4346\" class=\"wp-caption-text\"><a href=\"http:\/\/www.yokko.ro\/col\/SZ4-NHB,FCF-F0B\/\" target=\"_blank\" rel=\"noopener noreferrer\">\u021ainut\u0103 de ocazie cu sacou brocat cu fir ar\u0103miu \u0219i fust\u0103 evazat\u0103 din voal<\/a><\/p><\/div>\n<p>&nbsp;<\/p>\n<p><strong>AURA<\/strong> &#8211; bolero din paiete aurii cu aspect sidefat. Adaug\u0103 str\u0103lucire \u021binutelor tale, \u0219i alege acest bolero, pe care \u00eel po\u021bi purta peste o rochie evazat\u0103 din voal negru. Combina\u021bia negru\/auriu este ideal\u0103 pentru o petrecere.<\/p>\n<div id=\"attachment_4333\" style=\"width: 1420px\" class=\"wp-caption aligncenter\"><a href=\"http:\/\/www.yokko.ro\/col\/SFT-GDJ,R3X-TFN\/\" target=\"_blank\" rel=\"noopener noreferrer\"><img loading=\"lazy\" decoding=\"async\" aria-describedby=\"caption-attachment-4333\" class=\"wp-image-4333 size-full\" src=\"https:\/\/blogyokko.wfs.ro\/wp-content\/uploads\/2018\/09\/1.jpg\" alt=\"\" width=\"1410\" height=\"1135\" srcset=\"https:\/\/www.yokko.ro\/blog\/wp-content\/uploads\/2018\/09\/1.jpg 1410w, https:\/\/www.yokko.ro\/blog\/wp-content\/uploads\/2018\/09\/1-300x241.jpg 300w, https:\/\/www.yokko.ro\/blog\/wp-content\/uploads\/2018\/09\/1-768x618.jpg 768w, https:\/\/www.yokko.ro\/blog\/wp-content\/uploads\/2018\/09\/1-1024x824.jpg 1024w\" sizes=\"auto, (max-width: 1410px) 100vw, 1410px\" \/><\/a><p id=\"caption-attachment-4333\" class=\"wp-caption-text\"><a href=\"http:\/\/www.yokko.ro\/col\/SFT-GDJ,R3X-TFN\/\" target=\"_blank\" rel=\"noopener noreferrer\">\u021ainut\u0103 de ocazie cu bolero din paiete aurii \u0219i rochie din voal<\/a><\/p><\/div>\n<p>Pentru mai multe idei de \u021binute cu sacouri de ocazie v\u0103 invit\u0103m \u00een magazine \u0219i pe <a href=\"https:\/\/www.yokko.ro\/noutati\/\" target=\"_blank\" rel=\"noopener noreferrer\">www.yokko.ro<\/a> unde v\u0103 pute\u021bi bucura de noua colec\u021bie Toamn\u0103 2018.<\/p>\n","protected":false},"excerpt":{"rendered":"<p>Pentru petrecerile din sezonul rece, nu este suficient s\u0103 avem pregatit\u0103 doar o rochie, trebuie s\u0103 avem preg\u0103tit \u0219i un sacou sau un bolero, pe care s\u0103-l accesoriz\u0103m la o rochie de ocazie.<\/p>\n","protected":false},"author":1,"featured_media":4327,"comment_status":"open","ping_status":"open","sticky":false,"template":"","format":"standard","meta":{"footnotes":""},"categories":[17,151,9,20],"tags":[316,229,237,317],"class_list":["post-4325","post","type-post","status-publish","format-standard","has-post-thumbnail","hentry","category-in-trend","category-lookbook","category-rochii-de-seara","category-stilul-yokko","tag-sacouri-de-ocazie","tag-sacouri-din-brocart","tag-sacouri-din-catifea","tag-sacouri-din-paiete"],"_links":{"self":[{"href":"https:\/\/www.yokko.ro\/blog\/wp-json\/wp\/v2\/posts\/4325","targetHints":{"allow":["GET"]}}],"collection":[{"href":"https:\/\/www.yokko.ro\/blog\/wp-json\/wp\/v2\/posts"}],"about":[{"href":"https:\/\/www.yokko.ro\/blog\/wp-json\/wp\/v2\/types\/post"}],"author":[{"embeddable":true,"href":"https:\/\/www.yokko.ro\/blog\/wp-json\/wp\/v2\/users\/1"}],"replies":[{"embeddable":true,"href":"https:\/\/www.yokko.ro\/blog\/wp-json\/wp\/v2\/comments?post=4325"}],"version-history":[{"count":25,"href":"https:\/\/www.yokko.ro\/blog\/wp-json\/wp\/v2\/posts\/4325\/revisions"}],"predecessor-version":[{"id":4357,"href":"https:\/\/www.yokko.ro\/blog\/wp-json\/wp\/v2\/posts\/4325\/revisions\/4357"}],"wp:featuredmedia":[{"embeddable":true,"href":"https:\/\/www.yokko.ro\/blog\/wp-json\/wp\/v2\/media\/4327"}],"wp:attachment":[{"href":"https:\/\/www.yokko.ro\/blog\/wp-json\/wp\/v2\/media?parent=4325"}],"wp:term":[{"taxonomy":"category","embeddable":true,"href":"https:\/\/www.yokko.ro\/blog\/wp-json\/wp\/v2\/categories?post=4325"},{"taxonomy":"post_tag","embeddable":true,"href":"https:\/\/www.yokko.ro\/blog\/wp-json\/wp\/v2\/tags?post=4325"}],"curies":[{"name":"wp","href":"https:\/\/api.w.org\/{rel}","templated":true}]}}